{"id":5192,"date":"2023-06-12T14:16:12","date_gmt":"2023-06-12T13:16:12","guid":{"rendered":"https:\/\/www.ati.es\/?p=5192"},"modified":"2023-06-12T14:23:58","modified_gmt":"2023-06-12T13:23:58","slug":"el-cruzamiento-de-la-ley-y-la-tecnologia-en-los-nuevos-entornos-disruptivos","status":"publish","type":"post","link":"https:\/\/www.ati.es\/es_es\/el-cruzamiento-de-la-ley-y-la-tecnologia-en-los-nuevos-entornos-disruptivos\/","title":{"rendered":"15\/06\/2023 &#8211; El cruzamiento de la ley y la tecnolog\u00eda en los nuevos entornos disruptivos"},"content":{"rendered":"\n<p>El acontecimiento tendr\u00e1 lugar el 15 de junio a las 9:30h, fruto de la colaboraci\u00f3n de ISACA Barcelona con la Secci\u00f3n de las Tecnolog\u00edas de la Informaci\u00f3n y la Comunicaci\u00f3n del ICAB, en la 8\u00aa planta del ICAB (C\/ Mallorca, 283).<\/p>\n\n\n\n<p>Para m\u00e1s informaci\u00f3n y agenda consulta el enlace:\u00a0<a href=\"https:\/\/shorturl.at\/dmOS1\">https:\/\/shorturl.at\/dmOS1<\/a> <\/p>\n\n\n\n<p>El Congreso contar\u00e1 con el siguiente programa provisional:<br><br><strong>Ciberseguridad y Auditor\u00edas de Riesgos Tecnol\u00f3gicos a las empresas<\/strong><\/p>\n\n\n\n<figure class=\"wp-block-table\"><table><tbody><tr><td>9:30h-10:00h<\/td><td>Recepci\u00f3n y registro asistentes<\/td><td><\/td><\/tr><tr><td>10:00h-10:15h&nbsp;<\/td><td>Presentaci\u00f3n del Congreso.<\/td><td><strong>Marc Gallardo<\/strong>, President Secci\u00f3 TIC de l\u2019ICAB.<br><strong>Joan Figueras<\/strong>, President ISACA Barcelona<\/td><\/tr><tr><td>10:15h-11:00h<\/td><td><strong>Conferencia<\/strong>.Intel\u00b7lig\u00e8ncia Artificial: Ajuda o control?<\/td><td><strong>Karina Gibert.<\/strong>&nbsp;Directora del centro de investigaci\u00f3n Intelligent Data Science &amp; Artificial Intelligence (IDEAI-UPC) en UPC.Degana del Col\u00b7legi d\u2019Enginyers en Inform\u00e0tica.<\/td><\/tr><tr><td>11:00h-12:00<\/td><td><strong>Mesa redonda<\/strong>: Privacidad y Machine Learning. \u00c9tica y Negocio. El equilibrio de fuerzas en la era Ciber\u201d<\/td><td><strong>Ruth Sala<\/strong>, Advocada.<strong>Cristina Mu\u00f1oz Aycuens<\/strong>, Director at Forensic.<strong>Juan Carlos Ruiloba<\/strong>, CEO-CTO SIT1.<strong>Modera: Manel Martinez<\/strong>, Abogado.<\/td><\/tr><tr><td>12:00h-12:30h<\/td><td>Caf\u00e9<\/td><td><\/td><\/tr><tr><td>12:30h-13:15h<\/td><td><strong>Conferencia:<\/strong>&nbsp;Arquitecturas de confianza zero (ZTA): la identidad digital descentralitzada del Eidas2 y el rol del blockchain europeo.<\/td><td><strong>Nacho Alamillo<\/strong>, Advocat, CISA, CISM, CDPSE, COBIT 5-f, ITIL V3-f Director Astrea La Infopista Jur\u00eddica<\/td><\/tr><tr><td>13:15h-14:00h&nbsp;<\/td><td><strong>Conferencia:<\/strong>&nbsp;Ground control to Major Tom<\/td><td><strong>Rosa Ortu\u00f1o<\/strong>, CiberSecurity Expert &amp;Compliance IT, OptimumTIC<\/td><\/tr><tr><td>14:00h-15:30h<\/td><td>Comida<\/td><td><\/td><\/tr><tr><td>15:30h-16:30h<\/td><td><strong>Mesa Redonda<\/strong>: IA sin l\u00edmites: explorando el potencial y los retos de la tecnolog\u00eda del futuro.<\/td><td><strong>Agust\u00ed Cerrillo<\/strong>, Catedr\u00e0tic de Dret Administratiu, UOC.<strong>Arantxa Casanovas<\/strong>, Abogada, Optimum TIC.<strong>Jordi Bacaria<\/strong>, Abogado.<strong>Modera: Mar\u00eda Loza<\/strong>, Abogada<\/td><\/tr><tr><td>16:30h-17:30h<\/td><td><strong><strong>Mesa Redonda<\/strong>:<\/strong>\u00a0Criptorevoluci\u00f3n: discerniendo la Web3 y la Tokenitzaci\u00f3n en la nueva econom\u00eda digital.<\/td><td><strong>Cristina Villasante<\/strong>, Abogada.<strong>Cristina Carrascosa<\/strong>, Abogada, ATH21.<strong>Elisenda F\u00e0brega<\/strong>, Head of Legal, Briccken.<strong>Modera: Vanesa Alarc\u00f3n<\/strong>, Abogada.<\/td><\/tr><tr><td>17:30h<\/td><td>Conclusiones y cierre<\/td><td><\/td><\/tr><\/tbody><\/table><\/figure>\n ","protected":false},"excerpt":{"rendered":"<p>El acontecimiento tendr\u00e1 lugar el 15 de junio a las 9:30h, fruto de la colaboraci\u00f3n de ISACA Barcelona con la Secci\u00f3n de las Tecnolog\u00edas de la Informaci\u00f3n y la Comunicaci\u00f3n del ICAB, en la 8\u00aa planta del ICAB (C\/ Mallorca, 283). Para m\u00e1s informaci\u00f3n y agenda consulta el enlace:\u00a0https:\/\/shorturl.at\/dmOS1 El Congreso contar\u00e1 con el siguiente&#8230;<\/p>\n<p class=\"more-link-wrap\"><a href=\"https:\/\/www.ati.es\/es_es\/el-cruzamiento-de-la-ley-y-la-tecnologia-en-los-nuevos-entornos-disruptivos\/\" class=\"more-link\">Leer m\u00e1s<span class=\"screen-reader-text\"> &ldquo;15\/06\/2023 &#8211; El cruzamiento de la ley y la tecnolog\u00eda en los nuevos entornos disruptivos&rdquo;<\/span> &raquo;<\/a><\/p>\n","protected":false},"author":16,"featured_media":5193,"comment_status":"closed","ping_status":"closed","sticky":false,"template":"","format":"standard","meta":[],"categories":[42],"tags":[],"yoast_head":"<!-- This site is optimized with the Yoast SEO plugin v20.6 - https:\/\/yoast.com\/wordpress\/plugins\/seo\/ -->\n<title>15\/06\/2023 - El cruzamiento de la ley y la tecnolog\u00eda en los nuevos entornos disruptivos - Asociaci\u00f3n de T\u00e9cnicos de Inform\u00e1tica<\/title>\n<meta name=\"robots\" content=\"index, follow, max-snippet:-1, max-image-preview:large, max-video-preview:-1\" \/>\n<link rel=\"canonical\" href=\"https:\/\/www.ati.es\/es_es\/el-cruzamiento-de-la-ley-y-la-tecnologia-en-los-nuevos-entornos-disruptivos\/\" \/>\n<meta property=\"og:locale\" content=\"es_ES\" \/>\n<meta property=\"og:type\" content=\"article\" \/>\n<meta property=\"og:title\" content=\"15\/06\/2023 - El cruzamiento de la ley y la tecnolog\u00eda en los nuevos entornos disruptivos - Asociaci\u00f3n de T\u00e9cnicos de Inform\u00e1tica\" \/>\n<meta property=\"og:description\" content=\"El acontecimiento tendr\u00e1 lugar el 15 de junio a las 9:30h, fruto de la colaboraci\u00f3n de ISACA Barcelona con la Secci\u00f3n de las Tecnolog\u00edas de la Informaci\u00f3n y la Comunicaci\u00f3n del ICAB, en la 8\u00aa planta del ICAB (C\/ Mallorca, 283). Para m\u00e1s informaci\u00f3n y agenda consulta el enlace:\u00a0https:\/\/shorturl.at\/dmOS1 El Congreso contar\u00e1 con el siguiente...Leer m\u00e1s &ldquo;15\/06\/2023 &#8211; El cruzamiento de la ley y la tecnolog\u00eda en los nuevos entornos disruptivos&rdquo; &raquo;\" \/>\n<meta property=\"og:url\" content=\"https:\/\/www.ati.es\/es_es\/el-cruzamiento-de-la-ley-y-la-tecnologia-en-los-nuevos-entornos-disruptivos\/\" \/>\n<meta property=\"og:site_name\" content=\"Asociaci\u00f3n de T\u00e9cnicos de Inform\u00e1tica\" \/>\n<meta property=\"article:published_time\" content=\"2023-06-12T13:16:12+00:00\" \/>\n<meta property=\"article:modified_time\" content=\"2023-06-12T13:23:58+00:00\" \/>\n<meta property=\"og:image\" content=\"https:\/\/www.ati.es\/wp-content\/uploads\/2023\/06\/Congreso_ISACA-ICAB_2023.jpg\" \/>\n\t<meta property=\"og:image:width\" content=\"888\" \/>\n\t<meta property=\"og:image:height\" content=\"469\" \/>\n\t<meta property=\"og:image:type\" content=\"image\/jpeg\" \/>\n<meta name=\"author\" content=\"Administrador Web ATI\" \/>\n<meta name=\"twitter:card\" content=\"summary_large_image\" \/>\n<meta name=\"twitter:label1\" content=\"Escrito por\" \/>\n\t<meta name=\"twitter:data1\" content=\"Administrador Web ATI\" \/>\n\t<meta name=\"twitter:label2\" content=\"Tiempo de lectura\" \/>\n\t<meta name=\"twitter:data2\" content=\"2 minutos\" \/>\n<script type=\"application\/ld+json\" class=\"yoast-schema-graph\">{\"@context\":\"https:\/\/schema.org\",\"@graph\":[{\"@type\":\"Article\",\"@id\":\"https:\/\/www.ati.es\/el-cruzamiento-de-la-ley-y-la-tecnologia-en-los-nuevos-entornos-disruptivos\/#article\",\"isPartOf\":{\"@id\":\"https:\/\/www.ati.es\/el-cruzamiento-de-la-ley-y-la-tecnologia-en-los-nuevos-entornos-disruptivos\/\"},\"author\":{\"name\":\"Administrador Web ATI\",\"@id\":\"https:\/\/www.ati.es\/#\/schema\/person\/f10b455cac9db0d6687d31d26183b3d1\"},\"headline\":\"15\/06\/2023 &#8211; El cruzamiento de la ley y la tecnolog\u00eda en los nuevos entornos disruptivos\",\"datePublished\":\"2023-06-12T13:16:12+00:00\",\"dateModified\":\"2023-06-12T13:23:58+00:00\",\"mainEntityOfPage\":{\"@id\":\"https:\/\/www.ati.es\/el-cruzamiento-de-la-ley-y-la-tecnologia-en-los-nuevos-entornos-disruptivos\/\"},\"wordCount\":338,\"publisher\":{\"@id\":\"https:\/\/www.ati.es\/#organization\"},\"articleSection\":[\"Evento\"],\"inLanguage\":\"es\"},{\"@type\":\"WebPage\",\"@id\":\"https:\/\/www.ati.es\/el-cruzamiento-de-la-ley-y-la-tecnologia-en-los-nuevos-entornos-disruptivos\/\",\"url\":\"https:\/\/www.ati.es\/el-cruzamiento-de-la-ley-y-la-tecnologia-en-los-nuevos-entornos-disruptivos\/\",\"name\":\"15\/06\/2023 - El cruzamiento de la ley y la tecnolog\u00eda en los nuevos entornos disruptivos - Asociaci\u00f3n de T\u00e9cnicos de Inform\u00e1tica\",\"isPartOf\":{\"@id\":\"https:\/\/www.ati.es\/#website\"},\"datePublished\":\"2023-06-12T13:16:12+00:00\",\"dateModified\":\"2023-06-12T13:23:58+00:00\",\"breadcrumb\":{\"@id\":\"https:\/\/www.ati.es\/el-cruzamiento-de-la-ley-y-la-tecnologia-en-los-nuevos-entornos-disruptivos\/#breadcrumb\"},\"inLanguage\":\"es\",\"potentialAction\":[{\"@type\":\"ReadAction\",\"target\":[\"https:\/\/www.ati.es\/el-cruzamiento-de-la-ley-y-la-tecnologia-en-los-nuevos-entornos-disruptivos\/\"]}]},{\"@type\":\"BreadcrumbList\",\"@id\":\"https:\/\/www.ati.es\/el-cruzamiento-de-la-ley-y-la-tecnologia-en-los-nuevos-entornos-disruptivos\/#breadcrumb\",\"itemListElement\":[{\"@type\":\"ListItem\",\"position\":1,\"name\":\"Portada\",\"item\":\"https:\/\/www.ati.es\/\"},{\"@type\":\"ListItem\",\"position\":2,\"name\":\"15\/06\/2023 &#8211; El cruzamiento de la ley y la tecnolog\u00eda en los nuevos entornos disruptivos\"}]},{\"@type\":\"WebSite\",\"@id\":\"https:\/\/www.ati.es\/#website\",\"url\":\"https:\/\/www.ati.es\/\",\"name\":\"Asociaci\u00f3n de T\u00e9cnicos de Inform\u00e1tica\",\"description\":\"\",\"publisher\":{\"@id\":\"https:\/\/www.ati.es\/#organization\"},\"potentialAction\":[{\"@type\":\"SearchAction\",\"target\":{\"@type\":\"EntryPoint\",\"urlTemplate\":\"https:\/\/www.ati.es\/?s={search_term_string}\"},\"query-input\":\"required name=search_term_string\"}],\"inLanguage\":\"es\"},{\"@type\":\"Organization\",\"@id\":\"https:\/\/www.ati.es\/#organization\",\"name\":\"Asociaci\u00f3n de T\u00e9cnicos de Inform\u00e1tica\",\"url\":\"https:\/\/www.ati.es\/\",\"logo\":{\"@type\":\"ImageObject\",\"inLanguage\":\"es\",\"@id\":\"https:\/\/www.ati.es\/#\/schema\/logo\/image\/\",\"url\":\"https:\/\/www.ati.es\/wp-content\/uploads\/2021\/07\/cropped-logoATIvectorized.png\",\"contentUrl\":\"https:\/\/www.ati.es\/wp-content\/uploads\/2021\/07\/cropped-logoATIvectorized.png\",\"width\":431,\"height\":231,\"caption\":\"Asociaci\u00f3n de T\u00e9cnicos de Inform\u00e1tica\"},\"image\":{\"@id\":\"https:\/\/www.ati.es\/#\/schema\/logo\/image\/\"}},{\"@type\":\"Person\",\"@id\":\"https:\/\/www.ati.es\/#\/schema\/person\/f10b455cac9db0d6687d31d26183b3d1\",\"name\":\"Administrador Web ATI\",\"url\":\"https:\/\/www.ati.es\/es_es\/author\/administrador\/\"}]}<\/script>\n<!-- \/ Yoast SEO plugin. -->","yoast_head_json":{"title":"15\/06\/2023 - El cruzamiento de la ley y la tecnolog\u00eda en los nuevos entornos disruptivos - Asociaci\u00f3n de T\u00e9cnicos de Inform\u00e1tica","robots":{"index":"index","follow":"follow","max-snippet":"max-snippet:-1","max-image-preview":"max-image-preview:large","max-video-preview":"max-video-preview:-1"},"canonical":"https:\/\/www.ati.es\/es_es\/el-cruzamiento-de-la-ley-y-la-tecnologia-en-los-nuevos-entornos-disruptivos\/","og_locale":"es_ES","og_type":"article","og_title":"15\/06\/2023 - El cruzamiento de la ley y la tecnolog\u00eda en los nuevos entornos disruptivos - Asociaci\u00f3n de T\u00e9cnicos de Inform\u00e1tica","og_description":"El acontecimiento tendr\u00e1 lugar el 15 de junio a las 9:30h, fruto de la colaboraci\u00f3n de ISACA Barcelona con la Secci\u00f3n de las Tecnolog\u00edas de la Informaci\u00f3n y la Comunicaci\u00f3n del ICAB, en la 8\u00aa planta del ICAB (C\/ Mallorca, 283). Para m\u00e1s informaci\u00f3n y agenda consulta el enlace:\u00a0https:\/\/shorturl.at\/dmOS1 El Congreso contar\u00e1 con el siguiente...Leer m\u00e1s &ldquo;15\/06\/2023 &#8211; El cruzamiento de la ley y la tecnolog\u00eda en los nuevos entornos disruptivos&rdquo; &raquo;","og_url":"https:\/\/www.ati.es\/es_es\/el-cruzamiento-de-la-ley-y-la-tecnologia-en-los-nuevos-entornos-disruptivos\/","og_site_name":"Asociaci\u00f3n de T\u00e9cnicos de Inform\u00e1tica","article_published_time":"2023-06-12T13:16:12+00:00","article_modified_time":"2023-06-12T13:23:58+00:00","og_image":[{"width":888,"height":469,"url":"https:\/\/www.ati.es\/wp-content\/uploads\/2023\/06\/Congreso_ISACA-ICAB_2023.jpg","type":"image\/jpeg"}],"author":"Administrador Web ATI","twitter_card":"summary_large_image","twitter_misc":{"Escrito por":"Administrador Web ATI","Tiempo de lectura":"2 minutos"},"schema":{"@context":"https:\/\/schema.org","@graph":[{"@type":"Article","@id":"https:\/\/www.ati.es\/el-cruzamiento-de-la-ley-y-la-tecnologia-en-los-nuevos-entornos-disruptivos\/#article","isPartOf":{"@id":"https:\/\/www.ati.es\/el-cruzamiento-de-la-ley-y-la-tecnologia-en-los-nuevos-entornos-disruptivos\/"},"author":{"name":"Administrador Web ATI","@id":"https:\/\/www.ati.es\/#\/schema\/person\/f10b455cac9db0d6687d31d26183b3d1"},"headline":"15\/06\/2023 &#8211; El cruzamiento de la ley y la tecnolog\u00eda en los nuevos entornos disruptivos","datePublished":"2023-06-12T13:16:12+00:00","dateModified":"2023-06-12T13:23:58+00:00","mainEntityOfPage":{"@id":"https:\/\/www.ati.es\/el-cruzamiento-de-la-ley-y-la-tecnologia-en-los-nuevos-entornos-disruptivos\/"},"wordCount":338,"publisher":{"@id":"https:\/\/www.ati.es\/#organization"},"articleSection":["Evento"],"inLanguage":"es"},{"@type":"WebPage","@id":"https:\/\/www.ati.es\/el-cruzamiento-de-la-ley-y-la-tecnologia-en-los-nuevos-entornos-disruptivos\/","url":"https:\/\/www.ati.es\/el-cruzamiento-de-la-ley-y-la-tecnologia-en-los-nuevos-entornos-disruptivos\/","name":"15\/06\/2023 - El cruzamiento de la ley y la tecnolog\u00eda en los nuevos entornos disruptivos - Asociaci\u00f3n de T\u00e9cnicos de Inform\u00e1tica","isPartOf":{"@id":"https:\/\/www.ati.es\/#website"},"datePublished":"2023-06-12T13:16:12+00:00","dateModified":"2023-06-12T13:23:58+00:00","breadcrumb":{"@id":"https:\/\/www.ati.es\/el-cruzamiento-de-la-ley-y-la-tecnologia-en-los-nuevos-entornos-disruptivos\/#breadcrumb"},"inLanguage":"es","potentialAction":[{"@type":"ReadAction","target":["https:\/\/www.ati.es\/el-cruzamiento-de-la-ley-y-la-tecnologia-en-los-nuevos-entornos-disruptivos\/"]}]},{"@type":"BreadcrumbList","@id":"https:\/\/www.ati.es\/el-cruzamiento-de-la-ley-y-la-tecnologia-en-los-nuevos-entornos-disruptivos\/#breadcrumb","itemListElement":[{"@type":"ListItem","position":1,"name":"Portada","item":"https:\/\/www.ati.es\/"},{"@type":"ListItem","position":2,"name":"15\/06\/2023 &#8211; El cruzamiento de la ley y la tecnolog\u00eda en los nuevos entornos disruptivos"}]},{"@type":"WebSite","@id":"https:\/\/www.ati.es\/#website","url":"https:\/\/www.ati.es\/","name":"Asociaci\u00f3n de T\u00e9cnicos de Inform\u00e1tica","description":"","publisher":{"@id":"https:\/\/www.ati.es\/#organization"},"potentialAction":[{"@type":"SearchAction","target":{"@type":"EntryPoint","urlTemplate":"https:\/\/www.ati.es\/?s={search_term_string}"},"query-input":"required name=search_term_string"}],"inLanguage":"es"},{"@type":"Organization","@id":"https:\/\/www.ati.es\/#organization","name":"Asociaci\u00f3n de T\u00e9cnicos de Inform\u00e1tica","url":"https:\/\/www.ati.es\/","logo":{"@type":"ImageObject","inLanguage":"es","@id":"https:\/\/www.ati.es\/#\/schema\/logo\/image\/","url":"https:\/\/www.ati.es\/wp-content\/uploads\/2021\/07\/cropped-logoATIvectorized.png","contentUrl":"https:\/\/www.ati.es\/wp-content\/uploads\/2021\/07\/cropped-logoATIvectorized.png","width":431,"height":231,"caption":"Asociaci\u00f3n de T\u00e9cnicos de Inform\u00e1tica"},"image":{"@id":"https:\/\/www.ati.es\/#\/schema\/logo\/image\/"}},{"@type":"Person","@id":"https:\/\/www.ati.es\/#\/schema\/person\/f10b455cac9db0d6687d31d26183b3d1","name":"Administrador Web ATI","url":"https:\/\/www.ati.es\/es_es\/author\/administrador\/"}]}},"_links":{"self":[{"href":"https:\/\/www.ati.es\/es_es\/wp-json\/wp\/v2\/posts\/5192"}],"collection":[{"href":"https:\/\/www.ati.es\/es_es\/wp-json\/wp\/v2\/posts"}],"about":[{"href":"https:\/\/www.ati.es\/es_es\/wp-json\/wp\/v2\/types\/post"}],"author":[{"embeddable":true,"href":"https:\/\/www.ati.es\/es_es\/wp-json\/wp\/v2\/users\/16"}],"replies":[{"embeddable":true,"href":"https:\/\/www.ati.es\/es_es\/wp-json\/wp\/v2\/comments?post=5192"}],"version-history":[{"count":6,"href":"https:\/\/www.ati.es\/es_es\/wp-json\/wp\/v2\/posts\/5192\/revisions"}],"predecessor-version":[{"id":5202,"href":"https:\/\/www.ati.es\/es_es\/wp-json\/wp\/v2\/posts\/5192\/revisions\/5202"}],"wp:featuredmedia":[{"embeddable":true,"href":"https:\/\/www.ati.es\/es_es\/wp-json\/wp\/v2\/media\/5193"}],"wp:attachment":[{"href":"https:\/\/www.ati.es\/es_es\/wp-json\/wp\/v2\/media?parent=5192"}],"wp:term":[{"taxonomy":"category","embeddable":true,"href":"https:\/\/www.ati.es\/es_es\/wp-json\/wp\/v2\/categories?post=5192"},{"taxonomy":"post_tag","embeddable":true,"href":"https:\/\/www.ati.es\/es_es\/wp-json\/wp\/v2\/tags?post=5192"}],"curies":[{"name":"wp","href":"https:\/\/api.w.org\/{rel}","templated":true}]}}