{"id":4917,"date":"2022-06-09T08:36:05","date_gmt":"2022-06-09T07:36:05","guid":{"rendered":"https:\/\/www.ati.es\/?p=4917"},"modified":"2022-06-09T08:37:14","modified_gmt":"2022-06-09T07:37:14","slug":"jbcnconf-1819-y-20-julio","status":"publish","type":"post","link":"https:\/\/www.ati.es\/es_es\/jbcnconf-1819-y-20-julio\/","title":{"rendered":"JBCNConf (18,19 y 20 Julio)"},"content":{"rendered":"\n<p><strong>Barcelona<\/strong>\u00a0acoger\u00e1 la s\u00e9ptima edici\u00f3n de\u00a0<strong>JBCNConf<\/strong>, el mayor\u00a0<strong>congreso de programaci\u00f3n inform\u00e1tica<\/strong>\u00a0de Espa\u00f1a. La ciudad vuelve a ser epicentro tecnol\u00f3gico en unos momentos en los que los desarrolladores inform\u00e1ticos, los programadores, parecen haber perdido protagonismo frente a las &#8216;start-ups&#8217; y los grandes gur\u00fas empresariales. <\/p>\n\n\n\n<p>El congreso tendr\u00e1 lugar los d\u00edas 18,19 y 20 de julio en el CCIB (Centro de Convenciones Internacionales de Barcelona) con una asistencia de m\u00e1s de 800 profesionales.\u00a0Afirma la organizaci\u00f3n que ser\u00e1n &#8220;los mejores desarrolladores de &#8216;software&#8217; del mundo&#8217; los reunidos en Barcelona, la flor y nata de esos profesionales que saben mucho m\u00e1s m\u00e1s que copiar y pegar l\u00edneas de c\u00f3digo indescifrable para el com\u00fan de los usuarios. Las mujeres tambi\u00e9n ser\u00e1n protagonistas, algo poco usual en un sector en el que los hombres son mayor\u00eda.<\/p>\n\n\n\n<p>Su objetivo fundacional es satisfacer su curiosidad sobre las nuevas tecnolog\u00edas de desarrollo relacionadas con la nube y Java, compartir ideas y crear una comunidad alrededor de este popular lenguaje de programaci\u00f3n.<\/p>\n\n\n\n<p><a href=\"https:\/\/www.jbcnconf.com\/2022\/\">https:\/\/www.jbcnconf.com\/2022\/<\/a><\/p>\n\n\n\n<p><\/p>\n ","protected":false},"excerpt":{"rendered":"<p>Barcelona\u00a0acoger\u00e1 la s\u00e9ptima edici\u00f3n de\u00a0JBCNConf, el mayor\u00a0congreso de programaci\u00f3n inform\u00e1tica\u00a0de Espa\u00f1a. La ciudad vuelve a ser epicentro tecnol\u00f3gico en unos momentos en los que los desarrolladores inform\u00e1ticos, los programadores, parecen haber perdido protagonismo frente a las &#8216;start-ups&#8217; y los grandes gur\u00fas empresariales. El congreso tendr\u00e1 lugar los d\u00edas 18,19 y 20 de julio en el&#8230;<\/p>\n<p class=\"more-link-wrap\"><a href=\"https:\/\/www.ati.es\/es_es\/jbcnconf-1819-y-20-julio\/\" class=\"more-link\">Leer m\u00e1s<span class=\"screen-reader-text\"> &ldquo;JBCNConf (18,19 y 20 Julio)&rdquo;<\/span> &raquo;<\/a><\/p>\n","protected":false},"author":16,"featured_media":4918,"comment_status":"closed","ping_status":"closed","sticky":false,"template":"","format":"standard","meta":[],"categories":[42],"tags":[],"yoast_head":"<!-- This site is optimized with the Yoast SEO plugin v20.6 - https:\/\/yoast.com\/wordpress\/plugins\/seo\/ -->\n<title>JBCNConf (18,19 y 20 Julio) - Asociaci\u00f3n de T\u00e9cnicos de Inform\u00e1tica<\/title>\n<meta name=\"robots\" content=\"index, follow, max-snippet:-1, max-image-preview:large, max-video-preview:-1\" \/>\n<link rel=\"canonical\" href=\"https:\/\/www.ati.es\/es_es\/jbcnconf-1819-y-20-julio\/\" \/>\n<meta property=\"og:locale\" content=\"es_ES\" \/>\n<meta property=\"og:type\" content=\"article\" \/>\n<meta property=\"og:title\" content=\"JBCNConf (18,19 y 20 Julio) - Asociaci\u00f3n de T\u00e9cnicos de Inform\u00e1tica\" \/>\n<meta property=\"og:description\" content=\"Barcelona\u00a0acoger\u00e1 la s\u00e9ptima edici\u00f3n de\u00a0JBCNConf, el mayor\u00a0congreso de programaci\u00f3n inform\u00e1tica\u00a0de Espa\u00f1a. La ciudad vuelve a ser epicentro tecnol\u00f3gico en unos momentos en los que los desarrolladores inform\u00e1ticos, los programadores, parecen haber perdido protagonismo frente a las &#8216;start-ups&#8217; y los grandes gur\u00fas empresariales. El congreso tendr\u00e1 lugar los d\u00edas 18,19 y 20 de julio en el...Leer m\u00e1s &ldquo;JBCNConf (18,19 y 20 Julio)&rdquo; &raquo;\" \/>\n<meta property=\"og:url\" content=\"https:\/\/www.ati.es\/es_es\/jbcnconf-1819-y-20-julio\/\" \/>\n<meta property=\"og:site_name\" content=\"Asociaci\u00f3n de T\u00e9cnicos de Inform\u00e1tica\" \/>\n<meta property=\"article:published_time\" content=\"2022-06-09T07:36:05+00:00\" \/>\n<meta property=\"article:modified_time\" content=\"2022-06-09T07:37:14+00:00\" \/>\n<meta property=\"og:image\" content=\"https:\/\/www.ati.es\/wp-content\/uploads\/2022\/06\/logo-jbcnconf.png\" \/>\n\t<meta property=\"og:image:width\" content=\"256\" \/>\n\t<meta property=\"og:image:height\" content=\"130\" \/>\n\t<meta property=\"og:image:type\" content=\"image\/png\" \/>\n<meta name=\"author\" content=\"Administrador Web ATI\" \/>\n<meta name=\"twitter:card\" content=\"summary_large_image\" \/>\n<meta name=\"twitter:label1\" content=\"Escrito por\" \/>\n\t<meta name=\"twitter:data1\" content=\"Administrador Web ATI\" \/>\n\t<meta name=\"twitter:label2\" content=\"Tiempo de lectura\" \/>\n\t<meta name=\"twitter:data2\" content=\"1 minuto\" \/>\n<script type=\"application\/ld+json\" class=\"yoast-schema-graph\">{\"@context\":\"https:\/\/schema.org\",\"@graph\":[{\"@type\":\"Article\",\"@id\":\"https:\/\/www.ati.es\/jbcnconf-1819-y-20-julio\/#article\",\"isPartOf\":{\"@id\":\"https:\/\/www.ati.es\/jbcnconf-1819-y-20-julio\/\"},\"author\":{\"name\":\"Administrador Web ATI\",\"@id\":\"https:\/\/www.ati.es\/#\/schema\/person\/f10b455cac9db0d6687d31d26183b3d1\"},\"headline\":\"JBCNConf (18,19 y 20 Julio)\",\"datePublished\":\"2022-06-09T07:36:05+00:00\",\"dateModified\":\"2022-06-09T07:37:14+00:00\",\"mainEntityOfPage\":{\"@id\":\"https:\/\/www.ati.es\/jbcnconf-1819-y-20-julio\/\"},\"wordCount\":192,\"publisher\":{\"@id\":\"https:\/\/www.ati.es\/#organization\"},\"articleSection\":[\"Evento\"],\"inLanguage\":\"es\"},{\"@type\":\"WebPage\",\"@id\":\"https:\/\/www.ati.es\/jbcnconf-1819-y-20-julio\/\",\"url\":\"https:\/\/www.ati.es\/jbcnconf-1819-y-20-julio\/\",\"name\":\"JBCNConf (18,19 y 20 Julio) - Asociaci\u00f3n de T\u00e9cnicos de Inform\u00e1tica\",\"isPartOf\":{\"@id\":\"https:\/\/www.ati.es\/#website\"},\"datePublished\":\"2022-06-09T07:36:05+00:00\",\"dateModified\":\"2022-06-09T07:37:14+00:00\",\"breadcrumb\":{\"@id\":\"https:\/\/www.ati.es\/jbcnconf-1819-y-20-julio\/#breadcrumb\"},\"inLanguage\":\"es\",\"potentialAction\":[{\"@type\":\"ReadAction\",\"target\":[\"https:\/\/www.ati.es\/jbcnconf-1819-y-20-julio\/\"]}]},{\"@type\":\"BreadcrumbList\",\"@id\":\"https:\/\/www.ati.es\/jbcnconf-1819-y-20-julio\/#breadcrumb\",\"itemListElement\":[{\"@type\":\"ListItem\",\"position\":1,\"name\":\"Portada\",\"item\":\"https:\/\/www.ati.es\/\"},{\"@type\":\"ListItem\",\"position\":2,\"name\":\"JBCNConf (18,19 y 20 Julio)\"}]},{\"@type\":\"WebSite\",\"@id\":\"https:\/\/www.ati.es\/#website\",\"url\":\"https:\/\/www.ati.es\/\",\"name\":\"Asociaci\u00f3n de T\u00e9cnicos de Inform\u00e1tica\",\"description\":\"\",\"publisher\":{\"@id\":\"https:\/\/www.ati.es\/#organization\"},\"potentialAction\":[{\"@type\":\"SearchAction\",\"target\":{\"@type\":\"EntryPoint\",\"urlTemplate\":\"https:\/\/www.ati.es\/?s={search_term_string}\"},\"query-input\":\"required name=search_term_string\"}],\"inLanguage\":\"es\"},{\"@type\":\"Organization\",\"@id\":\"https:\/\/www.ati.es\/#organization\",\"name\":\"Asociaci\u00f3n de T\u00e9cnicos de Inform\u00e1tica\",\"url\":\"https:\/\/www.ati.es\/\",\"logo\":{\"@type\":\"ImageObject\",\"inLanguage\":\"es\",\"@id\":\"https:\/\/www.ati.es\/#\/schema\/logo\/image\/\",\"url\":\"https:\/\/www.ati.es\/wp-content\/uploads\/2021\/07\/cropped-logoATIvectorized.png\",\"contentUrl\":\"https:\/\/www.ati.es\/wp-content\/uploads\/2021\/07\/cropped-logoATIvectorized.png\",\"width\":431,\"height\":231,\"caption\":\"Asociaci\u00f3n de T\u00e9cnicos de Inform\u00e1tica\"},\"image\":{\"@id\":\"https:\/\/www.ati.es\/#\/schema\/logo\/image\/\"}},{\"@type\":\"Person\",\"@id\":\"https:\/\/www.ati.es\/#\/schema\/person\/f10b455cac9db0d6687d31d26183b3d1\",\"name\":\"Administrador Web ATI\",\"url\":\"https:\/\/www.ati.es\/es_es\/author\/administrador\/\"}]}<\/script>\n<!-- \/ Yoast SEO plugin. -->","yoast_head_json":{"title":"JBCNConf (18,19 y 20 Julio) - Asociaci\u00f3n de T\u00e9cnicos de Inform\u00e1tica","robots":{"index":"index","follow":"follow","max-snippet":"max-snippet:-1","max-image-preview":"max-image-preview:large","max-video-preview":"max-video-preview:-1"},"canonical":"https:\/\/www.ati.es\/es_es\/jbcnconf-1819-y-20-julio\/","og_locale":"es_ES","og_type":"article","og_title":"JBCNConf (18,19 y 20 Julio) - Asociaci\u00f3n de T\u00e9cnicos de Inform\u00e1tica","og_description":"Barcelona\u00a0acoger\u00e1 la s\u00e9ptima edici\u00f3n de\u00a0JBCNConf, el mayor\u00a0congreso de programaci\u00f3n inform\u00e1tica\u00a0de Espa\u00f1a. La ciudad vuelve a ser epicentro tecnol\u00f3gico en unos momentos en los que los desarrolladores inform\u00e1ticos, los programadores, parecen haber perdido protagonismo frente a las &#8216;start-ups&#8217; y los grandes gur\u00fas empresariales. El congreso tendr\u00e1 lugar los d\u00edas 18,19 y 20 de julio en el...Leer m\u00e1s &ldquo;JBCNConf (18,19 y 20 Julio)&rdquo; &raquo;","og_url":"https:\/\/www.ati.es\/es_es\/jbcnconf-1819-y-20-julio\/","og_site_name":"Asociaci\u00f3n de T\u00e9cnicos de Inform\u00e1tica","article_published_time":"2022-06-09T07:36:05+00:00","article_modified_time":"2022-06-09T07:37:14+00:00","og_image":[{"width":256,"height":130,"url":"https:\/\/www.ati.es\/wp-content\/uploads\/2022\/06\/logo-jbcnconf.png","type":"image\/png"}],"author":"Administrador Web ATI","twitter_card":"summary_large_image","twitter_misc":{"Escrito por":"Administrador Web ATI","Tiempo de lectura":"1 minuto"},"schema":{"@context":"https:\/\/schema.org","@graph":[{"@type":"Article","@id":"https:\/\/www.ati.es\/jbcnconf-1819-y-20-julio\/#article","isPartOf":{"@id":"https:\/\/www.ati.es\/jbcnconf-1819-y-20-julio\/"},"author":{"name":"Administrador Web ATI","@id":"https:\/\/www.ati.es\/#\/schema\/person\/f10b455cac9db0d6687d31d26183b3d1"},"headline":"JBCNConf (18,19 y 20 Julio)","datePublished":"2022-06-09T07:36:05+00:00","dateModified":"2022-06-09T07:37:14+00:00","mainEntityOfPage":{"@id":"https:\/\/www.ati.es\/jbcnconf-1819-y-20-julio\/"},"wordCount":192,"publisher":{"@id":"https:\/\/www.ati.es\/#organization"},"articleSection":["Evento"],"inLanguage":"es"},{"@type":"WebPage","@id":"https:\/\/www.ati.es\/jbcnconf-1819-y-20-julio\/","url":"https:\/\/www.ati.es\/jbcnconf-1819-y-20-julio\/","name":"JBCNConf (18,19 y 20 Julio) - Asociaci\u00f3n de T\u00e9cnicos de Inform\u00e1tica","isPartOf":{"@id":"https:\/\/www.ati.es\/#website"},"datePublished":"2022-06-09T07:36:05+00:00","dateModified":"2022-06-09T07:37:14+00:00","breadcrumb":{"@id":"https:\/\/www.ati.es\/jbcnconf-1819-y-20-julio\/#breadcrumb"},"inLanguage":"es","potentialAction":[{"@type":"ReadAction","target":["https:\/\/www.ati.es\/jbcnconf-1819-y-20-julio\/"]}]},{"@type":"BreadcrumbList","@id":"https:\/\/www.ati.es\/jbcnconf-1819-y-20-julio\/#breadcrumb","itemListElement":[{"@type":"ListItem","position":1,"name":"Portada","item":"https:\/\/www.ati.es\/"},{"@type":"ListItem","position":2,"name":"JBCNConf (18,19 y 20 Julio)"}]},{"@type":"WebSite","@id":"https:\/\/www.ati.es\/#website","url":"https:\/\/www.ati.es\/","name":"Asociaci\u00f3n de T\u00e9cnicos de Inform\u00e1tica","description":"","publisher":{"@id":"https:\/\/www.ati.es\/#organization"},"potentialAction":[{"@type":"SearchAction","target":{"@type":"EntryPoint","urlTemplate":"https:\/\/www.ati.es\/?s={search_term_string}"},"query-input":"required name=search_term_string"}],"inLanguage":"es"},{"@type":"Organization","@id":"https:\/\/www.ati.es\/#organization","name":"Asociaci\u00f3n de T\u00e9cnicos de Inform\u00e1tica","url":"https:\/\/www.ati.es\/","logo":{"@type":"ImageObject","inLanguage":"es","@id":"https:\/\/www.ati.es\/#\/schema\/logo\/image\/","url":"https:\/\/www.ati.es\/wp-content\/uploads\/2021\/07\/cropped-logoATIvectorized.png","contentUrl":"https:\/\/www.ati.es\/wp-content\/uploads\/2021\/07\/cropped-logoATIvectorized.png","width":431,"height":231,"caption":"Asociaci\u00f3n de T\u00e9cnicos de Inform\u00e1tica"},"image":{"@id":"https:\/\/www.ati.es\/#\/schema\/logo\/image\/"}},{"@type":"Person","@id":"https:\/\/www.ati.es\/#\/schema\/person\/f10b455cac9db0d6687d31d26183b3d1","name":"Administrador Web ATI","url":"https:\/\/www.ati.es\/es_es\/author\/administrador\/"}]}},"_links":{"self":[{"href":"https:\/\/www.ati.es\/es_es\/wp-json\/wp\/v2\/posts\/4917"}],"collection":[{"href":"https:\/\/www.ati.es\/es_es\/wp-json\/wp\/v2\/posts"}],"about":[{"href":"https:\/\/www.ati.es\/es_es\/wp-json\/wp\/v2\/types\/post"}],"author":[{"embeddable":true,"href":"https:\/\/www.ati.es\/es_es\/wp-json\/wp\/v2\/users\/16"}],"replies":[{"embeddable":true,"href":"https:\/\/www.ati.es\/es_es\/wp-json\/wp\/v2\/comments?post=4917"}],"version-history":[{"count":3,"href":"https:\/\/www.ati.es\/es_es\/wp-json\/wp\/v2\/posts\/4917\/revisions"}],"predecessor-version":[{"id":4921,"href":"https:\/\/www.ati.es\/es_es\/wp-json\/wp\/v2\/posts\/4917\/revisions\/4921"}],"wp:featuredmedia":[{"embeddable":true,"href":"https:\/\/www.ati.es\/es_es\/wp-json\/wp\/v2\/media\/4918"}],"wp:attachment":[{"href":"https:\/\/www.ati.es\/es_es\/wp-json\/wp\/v2\/media?parent=4917"}],"wp:term":[{"taxonomy":"category","embeddable":true,"href":"https:\/\/www.ati.es\/es_es\/wp-json\/wp\/v2\/categories?post=4917"},{"taxonomy":"post_tag","embeddable":true,"href":"https:\/\/www.ati.es\/es_es\/wp-json\/wp\/v2\/tags?post=4917"}],"curies":[{"name":"wp","href":"https:\/\/api.w.org\/{rel}","templated":true}]}}