{"id":4196,"date":"2021-09-06T10:21:37","date_gmt":"2021-09-06T09:21:37","guid":{"rendered":"https:\/\/www.ati.es\/?p=4196"},"modified":"2021-09-06T10:27:02","modified_gmt":"2021-09-06T09:27:02","slug":"4196-2","status":"publish","type":"post","link":"https:\/\/www.ati.es\/es_es\/4196-2\/","title":{"rendered":"14-15\/09\/2021 &#8211; AI &#038; Big Data Congress 2021"},"content":{"rendered":"\n<p>Los pr\u00f3ximos d\u00edas&nbsp;<strong>14 y 15 de septiembre<\/strong>&nbsp;se celebrar\u00e1 el<strong>&nbsp;AI &amp; Big Data Congress.&nbsp;<\/strong>El d\u00eda<strong>&nbsp;14 ser\u00e1 presencial<\/strong>&nbsp;&amp; live streaming en el&nbsp;<strong>Auditorio AXA Barcelona<\/strong>, y el d\u00eda 15 lo podr\u00e1s seguir a trav\u00e9s de nuestro streaming en directo.<\/p>\n\n\n\n<p><strong>\u00bfCu\u00e1les son las principales tendencias en el \u00e1mbito de la inteligencia artificial a nivel mundial?&nbsp;\u00bfQu\u00e9 impacto tendr\u00e1 esta tecnolog\u00eda en los pr\u00f3ximos 3-5 a\u00f1os?<\/strong><\/p>\n\n\n\n<p>En su s\u00e9ptima edici\u00f3n, el<strong>&nbsp;AI &amp; Big Data Congress&nbsp;<\/strong>dar\u00e1 respuesta a estas y otras preguntas clave para el sector y abordar\u00e1&nbsp;<strong>desaf\u00edos relevantes relacionados con la Inteligencia Artificial y los retos para su adopci\u00f3n<\/strong>&nbsp;a nivel empresarial.<\/p>\n\n\n\n<div class=\"wp-container-1 wp-block-buttons\">\n<div class=\"wp-block-button\"><a class=\"wp-block-button__link\" href=\"https:\/\/aicongress.barcelona\/es\/inscripcions\/\" target=\"_blank\" rel=\"noreferrer noopener\">INSCR\u00cdBETE AQU\u00cd<\/a><\/div>\n<\/div>\n ","protected":false},"excerpt":{"rendered":"<p>Los pr\u00f3ximos d\u00edas&nbsp;14 y 15 de septiembre&nbsp;se celebrar\u00e1 el&nbsp;AI &amp; Big Data Congress.&nbsp;El d\u00eda&nbsp;14 ser\u00e1 presencial&nbsp;&amp; live streaming en el&nbsp;Auditorio AXA Barcelona, y el d\u00eda 15 lo podr\u00e1s seguir a trav\u00e9s de nuestro streaming en directo. \u00bfCu\u00e1les son las principales tendencias en el \u00e1mbito de la inteligencia artificial a nivel mundial?&nbsp;\u00bfQu\u00e9 impacto tendr\u00e1 esta tecnolog\u00eda&#8230;<\/p>\n<p class=\"more-link-wrap\"><a href=\"https:\/\/www.ati.es\/es_es\/4196-2\/\" class=\"more-link\">Leer m\u00e1s<span class=\"screen-reader-text\"> &ldquo;14-15\/09\/2021 &#8211; AI &#038; Big Data Congress 2021&rdquo;<\/span> &raquo;<\/a><\/p>\n","protected":false},"author":16,"featured_media":4098,"comment_status":"closed","ping_status":"closed","sticky":false,"template":"","format":"standard","meta":[],"categories":[42],"tags":[],"yoast_head":"<!-- This site is optimized with the Yoast SEO plugin v20.6 - https:\/\/yoast.com\/wordpress\/plugins\/seo\/ -->\n<title>14-15\/09\/2021 - AI &amp; Big Data Congress 2021 - Asociaci\u00f3n de T\u00e9cnicos de Inform\u00e1tica<\/title>\n<meta name=\"robots\" content=\"index, follow, max-snippet:-1, max-image-preview:large, max-video-preview:-1\" \/>\n<link rel=\"canonical\" href=\"https:\/\/www.ati.es\/es_es\/4196-2\/\" \/>\n<meta property=\"og:locale\" content=\"es_ES\" \/>\n<meta property=\"og:type\" content=\"article\" \/>\n<meta property=\"og:title\" content=\"14-15\/09\/2021 - AI &amp; Big Data Congress 2021 - Asociaci\u00f3n de T\u00e9cnicos de Inform\u00e1tica\" \/>\n<meta property=\"og:description\" content=\"Los pr\u00f3ximos d\u00edas&nbsp;14 y 15 de septiembre&nbsp;se celebrar\u00e1 el&nbsp;AI &amp; Big Data Congress.&nbsp;El d\u00eda&nbsp;14 ser\u00e1 presencial&nbsp;&amp; live streaming en el&nbsp;Auditorio AXA Barcelona, y el d\u00eda 15 lo podr\u00e1s seguir a trav\u00e9s de nuestro streaming en directo. \u00bfCu\u00e1les son las principales tendencias en el \u00e1mbito de la inteligencia artificial a nivel mundial?&nbsp;\u00bfQu\u00e9 impacto tendr\u00e1 esta tecnolog\u00eda...Leer m\u00e1s &ldquo;14-15\/09\/2021 &#8211; AI &#038; Big Data Congress 2021&rdquo; &raquo;\" \/>\n<meta property=\"og:url\" content=\"https:\/\/www.ati.es\/es_es\/4196-2\/\" \/>\n<meta property=\"og:site_name\" content=\"Asociaci\u00f3n de T\u00e9cnicos de Inform\u00e1tica\" \/>\n<meta property=\"article:published_time\" content=\"2021-09-06T09:21:37+00:00\" \/>\n<meta property=\"article:modified_time\" content=\"2021-09-06T09:27:02+00:00\" \/>\n<meta property=\"og:image\" content=\"https:\/\/www.ati.es\/wp-content\/uploads\/2021\/08\/AIBDC21_BannerLinekdinCAST_1200x627-2-1.jpg\" \/>\n\t<meta property=\"og:image:width\" content=\"1200\" \/>\n\t<meta property=\"og:image:height\" content=\"627\" \/>\n\t<meta property=\"og:image:type\" content=\"image\/jpeg\" \/>\n<meta name=\"author\" content=\"Administrador Web ATI\" \/>\n<meta name=\"twitter:card\" content=\"summary_large_image\" \/>\n<meta name=\"twitter:label1\" content=\"Escrito por\" \/>\n\t<meta name=\"twitter:data1\" content=\"Administrador Web ATI\" \/>\n\t<meta name=\"twitter:label2\" content=\"Tiempo de lectura\" \/>\n\t<meta name=\"twitter:data2\" content=\"1 minuto\" \/>\n<script type=\"application\/ld+json\" class=\"yoast-schema-graph\">{\"@context\":\"https:\/\/schema.org\",\"@graph\":[{\"@type\":\"Article\",\"@id\":\"https:\/\/www.ati.es\/4196-2\/#article\",\"isPartOf\":{\"@id\":\"https:\/\/www.ati.es\/4196-2\/\"},\"author\":{\"name\":\"Administrador Web ATI\",\"@id\":\"https:\/\/www.ati.es\/#\/schema\/person\/f10b455cac9db0d6687d31d26183b3d1\"},\"headline\":\"14-15\/09\/2021 &#8211; AI &#038; Big Data Congress 2021\",\"datePublished\":\"2021-09-06T09:21:37+00:00\",\"dateModified\":\"2021-09-06T09:27:02+00:00\",\"mainEntityOfPage\":{\"@id\":\"https:\/\/www.ati.es\/4196-2\/\"},\"wordCount\":138,\"publisher\":{\"@id\":\"https:\/\/www.ati.es\/#organization\"},\"articleSection\":[\"Evento\"],\"inLanguage\":\"es\"},{\"@type\":\"WebPage\",\"@id\":\"https:\/\/www.ati.es\/4196-2\/\",\"url\":\"https:\/\/www.ati.es\/4196-2\/\",\"name\":\"14-15\/09\/2021 - AI & Big Data Congress 2021 - Asociaci\u00f3n de T\u00e9cnicos de Inform\u00e1tica\",\"isPartOf\":{\"@id\":\"https:\/\/www.ati.es\/#website\"},\"datePublished\":\"2021-09-06T09:21:37+00:00\",\"dateModified\":\"2021-09-06T09:27:02+00:00\",\"breadcrumb\":{\"@id\":\"https:\/\/www.ati.es\/4196-2\/#breadcrumb\"},\"inLanguage\":\"es\",\"potentialAction\":[{\"@type\":\"ReadAction\",\"target\":[\"https:\/\/www.ati.es\/4196-2\/\"]}]},{\"@type\":\"BreadcrumbList\",\"@id\":\"https:\/\/www.ati.es\/4196-2\/#breadcrumb\",\"itemListElement\":[{\"@type\":\"ListItem\",\"position\":1,\"name\":\"Portada\",\"item\":\"https:\/\/www.ati.es\/\"},{\"@type\":\"ListItem\",\"position\":2,\"name\":\"14-15\/09\/2021 &#8211; AI &#038; Big Data Congress 2021\"}]},{\"@type\":\"WebSite\",\"@id\":\"https:\/\/www.ati.es\/#website\",\"url\":\"https:\/\/www.ati.es\/\",\"name\":\"Asociaci\u00f3n de T\u00e9cnicos de Inform\u00e1tica\",\"description\":\"\",\"publisher\":{\"@id\":\"https:\/\/www.ati.es\/#organization\"},\"potentialAction\":[{\"@type\":\"SearchAction\",\"target\":{\"@type\":\"EntryPoint\",\"urlTemplate\":\"https:\/\/www.ati.es\/?s={search_term_string}\"},\"query-input\":\"required name=search_term_string\"}],\"inLanguage\":\"es\"},{\"@type\":\"Organization\",\"@id\":\"https:\/\/www.ati.es\/#organization\",\"name\":\"Asociaci\u00f3n de T\u00e9cnicos de Inform\u00e1tica\",\"url\":\"https:\/\/www.ati.es\/\",\"logo\":{\"@type\":\"ImageObject\",\"inLanguage\":\"es\",\"@id\":\"https:\/\/www.ati.es\/#\/schema\/logo\/image\/\",\"url\":\"https:\/\/www.ati.es\/wp-content\/uploads\/2021\/07\/cropped-logoATIvectorized.png\",\"contentUrl\":\"https:\/\/www.ati.es\/wp-content\/uploads\/2021\/07\/cropped-logoATIvectorized.png\",\"width\":431,\"height\":231,\"caption\":\"Asociaci\u00f3n de T\u00e9cnicos de Inform\u00e1tica\"},\"image\":{\"@id\":\"https:\/\/www.ati.es\/#\/schema\/logo\/image\/\"}},{\"@type\":\"Person\",\"@id\":\"https:\/\/www.ati.es\/#\/schema\/person\/f10b455cac9db0d6687d31d26183b3d1\",\"name\":\"Administrador Web ATI\",\"url\":\"https:\/\/www.ati.es\/es_es\/author\/administrador\/\"}]}<\/script>\n<!-- \/ Yoast SEO plugin. -->","yoast_head_json":{"title":"14-15\/09\/2021 - AI & Big Data Congress 2021 - Asociaci\u00f3n de T\u00e9cnicos de Inform\u00e1tica","robots":{"index":"index","follow":"follow","max-snippet":"max-snippet:-1","max-image-preview":"max-image-preview:large","max-video-preview":"max-video-preview:-1"},"canonical":"https:\/\/www.ati.es\/es_es\/4196-2\/","og_locale":"es_ES","og_type":"article","og_title":"14-15\/09\/2021 - AI & Big Data Congress 2021 - Asociaci\u00f3n de T\u00e9cnicos de Inform\u00e1tica","og_description":"Los pr\u00f3ximos d\u00edas&nbsp;14 y 15 de septiembre&nbsp;se celebrar\u00e1 el&nbsp;AI &amp; Big Data Congress.&nbsp;El d\u00eda&nbsp;14 ser\u00e1 presencial&nbsp;&amp; live streaming en el&nbsp;Auditorio AXA Barcelona, y el d\u00eda 15 lo podr\u00e1s seguir a trav\u00e9s de nuestro streaming en directo. \u00bfCu\u00e1les son las principales tendencias en el \u00e1mbito de la inteligencia artificial a nivel mundial?&nbsp;\u00bfQu\u00e9 impacto tendr\u00e1 esta tecnolog\u00eda...Leer m\u00e1s &ldquo;14-15\/09\/2021 &#8211; AI &#038; Big Data Congress 2021&rdquo; &raquo;","og_url":"https:\/\/www.ati.es\/es_es\/4196-2\/","og_site_name":"Asociaci\u00f3n de T\u00e9cnicos de Inform\u00e1tica","article_published_time":"2021-09-06T09:21:37+00:00","article_modified_time":"2021-09-06T09:27:02+00:00","og_image":[{"width":1200,"height":627,"url":"https:\/\/www.ati.es\/wp-content\/uploads\/2021\/08\/AIBDC21_BannerLinekdinCAST_1200x627-2-1.jpg","type":"image\/jpeg"}],"author":"Administrador Web ATI","twitter_card":"summary_large_image","twitter_misc":{"Escrito por":"Administrador Web ATI","Tiempo de lectura":"1 minuto"},"schema":{"@context":"https:\/\/schema.org","@graph":[{"@type":"Article","@id":"https:\/\/www.ati.es\/4196-2\/#article","isPartOf":{"@id":"https:\/\/www.ati.es\/4196-2\/"},"author":{"name":"Administrador Web ATI","@id":"https:\/\/www.ati.es\/#\/schema\/person\/f10b455cac9db0d6687d31d26183b3d1"},"headline":"14-15\/09\/2021 &#8211; AI &#038; Big Data Congress 2021","datePublished":"2021-09-06T09:21:37+00:00","dateModified":"2021-09-06T09:27:02+00:00","mainEntityOfPage":{"@id":"https:\/\/www.ati.es\/4196-2\/"},"wordCount":138,"publisher":{"@id":"https:\/\/www.ati.es\/#organization"},"articleSection":["Evento"],"inLanguage":"es"},{"@type":"WebPage","@id":"https:\/\/www.ati.es\/4196-2\/","url":"https:\/\/www.ati.es\/4196-2\/","name":"14-15\/09\/2021 - AI & Big Data Congress 2021 - Asociaci\u00f3n de T\u00e9cnicos de Inform\u00e1tica","isPartOf":{"@id":"https:\/\/www.ati.es\/#website"},"datePublished":"2021-09-06T09:21:37+00:00","dateModified":"2021-09-06T09:27:02+00:00","breadcrumb":{"@id":"https:\/\/www.ati.es\/4196-2\/#breadcrumb"},"inLanguage":"es","potentialAction":[{"@type":"ReadAction","target":["https:\/\/www.ati.es\/4196-2\/"]}]},{"@type":"BreadcrumbList","@id":"https:\/\/www.ati.es\/4196-2\/#breadcrumb","itemListElement":[{"@type":"ListItem","position":1,"name":"Portada","item":"https:\/\/www.ati.es\/"},{"@type":"ListItem","position":2,"name":"14-15\/09\/2021 &#8211; AI &#038; Big Data Congress 2021"}]},{"@type":"WebSite","@id":"https:\/\/www.ati.es\/#website","url":"https:\/\/www.ati.es\/","name":"Asociaci\u00f3n de T\u00e9cnicos de Inform\u00e1tica","description":"","publisher":{"@id":"https:\/\/www.ati.es\/#organization"},"potentialAction":[{"@type":"SearchAction","target":{"@type":"EntryPoint","urlTemplate":"https:\/\/www.ati.es\/?s={search_term_string}"},"query-input":"required name=search_term_string"}],"inLanguage":"es"},{"@type":"Organization","@id":"https:\/\/www.ati.es\/#organization","name":"Asociaci\u00f3n de T\u00e9cnicos de Inform\u00e1tica","url":"https:\/\/www.ati.es\/","logo":{"@type":"ImageObject","inLanguage":"es","@id":"https:\/\/www.ati.es\/#\/schema\/logo\/image\/","url":"https:\/\/www.ati.es\/wp-content\/uploads\/2021\/07\/cropped-logoATIvectorized.png","contentUrl":"https:\/\/www.ati.es\/wp-content\/uploads\/2021\/07\/cropped-logoATIvectorized.png","width":431,"height":231,"caption":"Asociaci\u00f3n de T\u00e9cnicos de Inform\u00e1tica"},"image":{"@id":"https:\/\/www.ati.es\/#\/schema\/logo\/image\/"}},{"@type":"Person","@id":"https:\/\/www.ati.es\/#\/schema\/person\/f10b455cac9db0d6687d31d26183b3d1","name":"Administrador Web ATI","url":"https:\/\/www.ati.es\/es_es\/author\/administrador\/"}]}},"_links":{"self":[{"href":"https:\/\/www.ati.es\/es_es\/wp-json\/wp\/v2\/posts\/4196"}],"collection":[{"href":"https:\/\/www.ati.es\/es_es\/wp-json\/wp\/v2\/posts"}],"about":[{"href":"https:\/\/www.ati.es\/es_es\/wp-json\/wp\/v2\/types\/post"}],"author":[{"embeddable":true,"href":"https:\/\/www.ati.es\/es_es\/wp-json\/wp\/v2\/users\/16"}],"replies":[{"embeddable":true,"href":"https:\/\/www.ati.es\/es_es\/wp-json\/wp\/v2\/comments?post=4196"}],"version-history":[{"count":3,"href":"https:\/\/www.ati.es\/es_es\/wp-json\/wp\/v2\/posts\/4196\/revisions"}],"predecessor-version":[{"id":4201,"href":"https:\/\/www.ati.es\/es_es\/wp-json\/wp\/v2\/posts\/4196\/revisions\/4201"}],"wp:featuredmedia":[{"embeddable":true,"href":"https:\/\/www.ati.es\/es_es\/wp-json\/wp\/v2\/media\/4098"}],"wp:attachment":[{"href":"https:\/\/www.ati.es\/es_es\/wp-json\/wp\/v2\/media?parent=4196"}],"wp:term":[{"taxonomy":"category","embeddable":true,"href":"https:\/\/www.ati.es\/es_es\/wp-json\/wp\/v2\/categories?post=4196"},{"taxonomy":"post_tag","embeddable":true,"href":"https:\/\/www.ati.es\/es_es\/wp-json\/wp\/v2\/tags?post=4196"}],"curies":[{"name":"wp","href":"https:\/\/api.w.org\/{rel}","templated":true}]}}