{"id":3020,"date":"2020-12-01T12:42:23","date_gmt":"2020-12-01T11:42:23","guid":{"rendered":"https:\/\/www.ati.es\/?p=3020"},"modified":"2021-09-06T09:29:29","modified_gmt":"2021-09-06T08:29:29","slug":"barcelona-digital-talent-day-3-10-12-2020","status":"publish","type":"post","link":"https:\/\/www.ati.es\/es_es\/barcelona-digital-talent-day-3-10-12-2020\/","title":{"rendered":"BARCELONA DIGITAL TALENT DAY (3\/10-12-2020)"},"content":{"rendered":"\n<p>Los d\u00edas&nbsp;<strong>3 y<\/strong>&nbsp;<strong>10 de Diciembre<\/strong>,<strong>&nbsp;de 17.00h a 19.00h<\/strong>,se celebrar\u00e1 la segunda edici\u00f3n del&nbsp;<a href=\"https:\/\/barcelonadigitaltalent.com\/ca\/agenda\/barcelona-digital-talent-day-2020\/\" target=\"_blank\" rel=\"noreferrer noopener\">Barcelona Digital Talent Day<\/a>, que este a\u00f1o ser\u00e1 digital. Se trata de dos sesiones que quieren poner en valor la importancia del talento como acelerador de la transformaci\u00f3n digital y la atracci\u00f3n y gesti\u00f3n del talento digital en una organizaci\u00f3n.<\/p>\n\n\n\n<ul><li>D\u00eda 3: Se hablar\u00e1 de c\u00f3mo hacer la transici\u00f3n de los empleados hacia las habilidades y contaremos con la experiencia de Daniel Newman, advisor del programa de reorientaci\u00f3n profesional \u00abUpskilling 2025\u00bb de Amazon y columnista en Forbes.<\/li><li>D\u00eda 10: C\u00f3mo conseguir atraer talento a las empresas ser\u00e1 el tema de la segunda sesi\u00f3n. Contaremos con Salim Ismail, Founding Executive Director de Singularity University, para hablar de esta tem\u00e1tica.<\/li><\/ul>\n\n\n\n<p>Adem\u00e1s, tambi\u00e9n contaremos con organizaciones que est\u00e1n poniendo en marcha proyectos enfocados a la promoci\u00f3n del talento digital como Seat, CaixaBank o Bayer, entre otras, con quienes compartiremos entrevistas y mesas redondas de primer nivel.<\/p>\n\n\n\n<p><strong><u><a href=\"https:\/\/twitter.com\/hashtag\/BDTDay20?src=hashtag_click\" target=\"_blank\" rel=\"noreferrer noopener\">#BDTDay20<\/a><\/u><\/strong><\/p>\n ","protected":false},"excerpt":{"rendered":"<p>Los d\u00edas&nbsp;3 y&nbsp;10 de Diciembre,&nbsp;de 17.00h a 19.00h,se celebrar\u00e1 la segunda edici\u00f3n del&nbsp;Barcelona Digital Talent Day, que este a\u00f1o ser\u00e1 digital. Se trata de dos sesiones que quieren poner en valor la importancia del talento como acelerador de la transformaci\u00f3n digital y la atracci\u00f3n y gesti\u00f3n del talento digital en una organizaci\u00f3n. D\u00eda 3: Se&#8230;<\/p>\n<p class=\"more-link-wrap\"><a href=\"https:\/\/www.ati.es\/es_es\/barcelona-digital-talent-day-3-10-12-2020\/\" class=\"more-link\">Leer m\u00e1s<span class=\"screen-reader-text\"> &ldquo;BARCELONA DIGITAL TALENT DAY (3\/10-12-2020)&rdquo;<\/span> &raquo;<\/a><\/p>\n","protected":false},"author":16,"featured_media":2850,"comment_status":"closed","ping_status":"closed","sticky":false,"template":"","format":"standard","meta":[],"categories":[42],"tags":[],"yoast_head":"<!-- This site is optimized with the Yoast SEO plugin v20.6 - https:\/\/yoast.com\/wordpress\/plugins\/seo\/ -->\n<title>BARCELONA DIGITAL TALENT DAY (3\/10-12-2020) - Asociaci\u00f3n de T\u00e9cnicos de Inform\u00e1tica<\/title>\n<meta name=\"robots\" content=\"index, follow, max-snippet:-1, max-image-preview:large, max-video-preview:-1\" \/>\n<link rel=\"canonical\" href=\"https:\/\/www.ati.es\/es_es\/barcelona-digital-talent-day-3-10-12-2020\/\" \/>\n<meta property=\"og:locale\" content=\"es_ES\" \/>\n<meta property=\"og:type\" content=\"article\" \/>\n<meta property=\"og:title\" content=\"BARCELONA DIGITAL TALENT DAY (3\/10-12-2020) - Asociaci\u00f3n de T\u00e9cnicos de Inform\u00e1tica\" \/>\n<meta property=\"og:description\" content=\"Los d\u00edas&nbsp;3 y&nbsp;10 de Diciembre,&nbsp;de 17.00h a 19.00h,se celebrar\u00e1 la segunda edici\u00f3n del&nbsp;Barcelona Digital Talent Day, que este a\u00f1o ser\u00e1 digital. Se trata de dos sesiones que quieren poner en valor la importancia del talento como acelerador de la transformaci\u00f3n digital y la atracci\u00f3n y gesti\u00f3n del talento digital en una organizaci\u00f3n. D\u00eda 3: Se...Leer m\u00e1s &ldquo;BARCELONA DIGITAL TALENT DAY (3\/10-12-2020)&rdquo; &raquo;\" \/>\n<meta property=\"og:url\" content=\"https:\/\/www.ati.es\/es_es\/barcelona-digital-talent-day-3-10-12-2020\/\" \/>\n<meta property=\"og:site_name\" content=\"Asociaci\u00f3n de T\u00e9cnicos de Inform\u00e1tica\" \/>\n<meta property=\"article:published_time\" content=\"2020-12-01T11:42:23+00:00\" \/>\n<meta property=\"article:modified_time\" content=\"2021-09-06T08:29:29+00:00\" \/>\n<meta property=\"og:image\" content=\"https:\/\/www.ati.es\/wp-content\/uploads\/2020\/12\/Captura.png\" \/>\n\t<meta property=\"og:image:width\" content=\"1041\" \/>\n\t<meta property=\"og:image:height\" content=\"345\" \/>\n\t<meta property=\"og:image:type\" content=\"image\/png\" \/>\n<meta name=\"author\" content=\"Administrador Web ATI\" \/>\n<meta name=\"twitter:card\" content=\"summary_large_image\" \/>\n<meta name=\"twitter:label1\" content=\"Escrito por\" \/>\n\t<meta name=\"twitter:data1\" content=\"Administrador Web ATI\" \/>\n\t<meta name=\"twitter:label2\" content=\"Tiempo de lectura\" \/>\n\t<meta name=\"twitter:data2\" content=\"1 minuto\" \/>\n<script type=\"application\/ld+json\" class=\"yoast-schema-graph\">{\"@context\":\"https:\/\/schema.org\",\"@graph\":[{\"@type\":\"Article\",\"@id\":\"https:\/\/www.ati.es\/barcelona-digital-talent-day-3-10-12-2020\/#article\",\"isPartOf\":{\"@id\":\"https:\/\/www.ati.es\/barcelona-digital-talent-day-3-10-12-2020\/\"},\"author\":{\"name\":\"Administrador Web ATI\",\"@id\":\"https:\/\/www.ati.es\/#\/schema\/person\/f10b455cac9db0d6687d31d26183b3d1\"},\"headline\":\"BARCELONA DIGITAL TALENT DAY (3\/10-12-2020)\",\"datePublished\":\"2020-12-01T11:42:23+00:00\",\"dateModified\":\"2021-09-06T08:29:29+00:00\",\"mainEntityOfPage\":{\"@id\":\"https:\/\/www.ati.es\/barcelona-digital-talent-day-3-10-12-2020\/\"},\"wordCount\":185,\"publisher\":{\"@id\":\"https:\/\/www.ati.es\/#organization\"},\"articleSection\":[\"Evento\"],\"inLanguage\":\"es\"},{\"@type\":\"WebPage\",\"@id\":\"https:\/\/www.ati.es\/barcelona-digital-talent-day-3-10-12-2020\/\",\"url\":\"https:\/\/www.ati.es\/barcelona-digital-talent-day-3-10-12-2020\/\",\"name\":\"BARCELONA DIGITAL TALENT DAY (3\/10-12-2020) - Asociaci\u00f3n de T\u00e9cnicos de Inform\u00e1tica\",\"isPartOf\":{\"@id\":\"https:\/\/www.ati.es\/#website\"},\"datePublished\":\"2020-12-01T11:42:23+00:00\",\"dateModified\":\"2021-09-06T08:29:29+00:00\",\"breadcrumb\":{\"@id\":\"https:\/\/www.ati.es\/barcelona-digital-talent-day-3-10-12-2020\/#breadcrumb\"},\"inLanguage\":\"es\",\"potentialAction\":[{\"@type\":\"ReadAction\",\"target\":[\"https:\/\/www.ati.es\/barcelona-digital-talent-day-3-10-12-2020\/\"]}]},{\"@type\":\"BreadcrumbList\",\"@id\":\"https:\/\/www.ati.es\/barcelona-digital-talent-day-3-10-12-2020\/#breadcrumb\",\"itemListElement\":[{\"@type\":\"ListItem\",\"position\":1,\"name\":\"Portada\",\"item\":\"https:\/\/www.ati.es\/\"},{\"@type\":\"ListItem\",\"position\":2,\"name\":\"BARCELONA DIGITAL TALENT DAY (3\/10-12-2020)\"}]},{\"@type\":\"WebSite\",\"@id\":\"https:\/\/www.ati.es\/#website\",\"url\":\"https:\/\/www.ati.es\/\",\"name\":\"Asociaci\u00f3n de T\u00e9cnicos de Inform\u00e1tica\",\"description\":\"\",\"publisher\":{\"@id\":\"https:\/\/www.ati.es\/#organization\"},\"potentialAction\":[{\"@type\":\"SearchAction\",\"target\":{\"@type\":\"EntryPoint\",\"urlTemplate\":\"https:\/\/www.ati.es\/?s={search_term_string}\"},\"query-input\":\"required name=search_term_string\"}],\"inLanguage\":\"es\"},{\"@type\":\"Organization\",\"@id\":\"https:\/\/www.ati.es\/#organization\",\"name\":\"Asociaci\u00f3n de T\u00e9cnicos de Inform\u00e1tica\",\"url\":\"https:\/\/www.ati.es\/\",\"logo\":{\"@type\":\"ImageObject\",\"inLanguage\":\"es\",\"@id\":\"https:\/\/www.ati.es\/#\/schema\/logo\/image\/\",\"url\":\"https:\/\/www.ati.es\/wp-content\/uploads\/2021\/07\/cropped-logoATIvectorized.png\",\"contentUrl\":\"https:\/\/www.ati.es\/wp-content\/uploads\/2021\/07\/cropped-logoATIvectorized.png\",\"width\":431,\"height\":231,\"caption\":\"Asociaci\u00f3n de T\u00e9cnicos de Inform\u00e1tica\"},\"image\":{\"@id\":\"https:\/\/www.ati.es\/#\/schema\/logo\/image\/\"}},{\"@type\":\"Person\",\"@id\":\"https:\/\/www.ati.es\/#\/schema\/person\/f10b455cac9db0d6687d31d26183b3d1\",\"name\":\"Administrador Web ATI\",\"url\":\"https:\/\/www.ati.es\/es_es\/author\/administrador\/\"}]}<\/script>\n<!-- \/ Yoast SEO plugin. -->","yoast_head_json":{"title":"BARCELONA DIGITAL TALENT DAY (3\/10-12-2020) - Asociaci\u00f3n de T\u00e9cnicos de Inform\u00e1tica","robots":{"index":"index","follow":"follow","max-snippet":"max-snippet:-1","max-image-preview":"max-image-preview:large","max-video-preview":"max-video-preview:-1"},"canonical":"https:\/\/www.ati.es\/es_es\/barcelona-digital-talent-day-3-10-12-2020\/","og_locale":"es_ES","og_type":"article","og_title":"BARCELONA DIGITAL TALENT DAY (3\/10-12-2020) - Asociaci\u00f3n de T\u00e9cnicos de Inform\u00e1tica","og_description":"Los d\u00edas&nbsp;3 y&nbsp;10 de Diciembre,&nbsp;de 17.00h a 19.00h,se celebrar\u00e1 la segunda edici\u00f3n del&nbsp;Barcelona Digital Talent Day, que este a\u00f1o ser\u00e1 digital. Se trata de dos sesiones que quieren poner en valor la importancia del talento como acelerador de la transformaci\u00f3n digital y la atracci\u00f3n y gesti\u00f3n del talento digital en una organizaci\u00f3n. D\u00eda 3: Se...Leer m\u00e1s &ldquo;BARCELONA DIGITAL TALENT DAY (3\/10-12-2020)&rdquo; &raquo;","og_url":"https:\/\/www.ati.es\/es_es\/barcelona-digital-talent-day-3-10-12-2020\/","og_site_name":"Asociaci\u00f3n de T\u00e9cnicos de Inform\u00e1tica","article_published_time":"2020-12-01T11:42:23+00:00","article_modified_time":"2021-09-06T08:29:29+00:00","og_image":[{"width":1041,"height":345,"url":"https:\/\/www.ati.es\/wp-content\/uploads\/2020\/12\/Captura.png","type":"image\/png"}],"author":"Administrador Web ATI","twitter_card":"summary_large_image","twitter_misc":{"Escrito por":"Administrador Web ATI","Tiempo de lectura":"1 minuto"},"schema":{"@context":"https:\/\/schema.org","@graph":[{"@type":"Article","@id":"https:\/\/www.ati.es\/barcelona-digital-talent-day-3-10-12-2020\/#article","isPartOf":{"@id":"https:\/\/www.ati.es\/barcelona-digital-talent-day-3-10-12-2020\/"},"author":{"name":"Administrador Web ATI","@id":"https:\/\/www.ati.es\/#\/schema\/person\/f10b455cac9db0d6687d31d26183b3d1"},"headline":"BARCELONA DIGITAL TALENT DAY (3\/10-12-2020)","datePublished":"2020-12-01T11:42:23+00:00","dateModified":"2021-09-06T08:29:29+00:00","mainEntityOfPage":{"@id":"https:\/\/www.ati.es\/barcelona-digital-talent-day-3-10-12-2020\/"},"wordCount":185,"publisher":{"@id":"https:\/\/www.ati.es\/#organization"},"articleSection":["Evento"],"inLanguage":"es"},{"@type":"WebPage","@id":"https:\/\/www.ati.es\/barcelona-digital-talent-day-3-10-12-2020\/","url":"https:\/\/www.ati.es\/barcelona-digital-talent-day-3-10-12-2020\/","name":"BARCELONA DIGITAL TALENT DAY (3\/10-12-2020) - Asociaci\u00f3n de T\u00e9cnicos de Inform\u00e1tica","isPartOf":{"@id":"https:\/\/www.ati.es\/#website"},"datePublished":"2020-12-01T11:42:23+00:00","dateModified":"2021-09-06T08:29:29+00:00","breadcrumb":{"@id":"https:\/\/www.ati.es\/barcelona-digital-talent-day-3-10-12-2020\/#breadcrumb"},"inLanguage":"es","potentialAction":[{"@type":"ReadAction","target":["https:\/\/www.ati.es\/barcelona-digital-talent-day-3-10-12-2020\/"]}]},{"@type":"BreadcrumbList","@id":"https:\/\/www.ati.es\/barcelona-digital-talent-day-3-10-12-2020\/#breadcrumb","itemListElement":[{"@type":"ListItem","position":1,"name":"Portada","item":"https:\/\/www.ati.es\/"},{"@type":"ListItem","position":2,"name":"BARCELONA DIGITAL TALENT DAY (3\/10-12-2020)"}]},{"@type":"WebSite","@id":"https:\/\/www.ati.es\/#website","url":"https:\/\/www.ati.es\/","name":"Asociaci\u00f3n de T\u00e9cnicos de Inform\u00e1tica","description":"","publisher":{"@id":"https:\/\/www.ati.es\/#organization"},"potentialAction":[{"@type":"SearchAction","target":{"@type":"EntryPoint","urlTemplate":"https:\/\/www.ati.es\/?s={search_term_string}"},"query-input":"required name=search_term_string"}],"inLanguage":"es"},{"@type":"Organization","@id":"https:\/\/www.ati.es\/#organization","name":"Asociaci\u00f3n de T\u00e9cnicos de Inform\u00e1tica","url":"https:\/\/www.ati.es\/","logo":{"@type":"ImageObject","inLanguage":"es","@id":"https:\/\/www.ati.es\/#\/schema\/logo\/image\/","url":"https:\/\/www.ati.es\/wp-content\/uploads\/2021\/07\/cropped-logoATIvectorized.png","contentUrl":"https:\/\/www.ati.es\/wp-content\/uploads\/2021\/07\/cropped-logoATIvectorized.png","width":431,"height":231,"caption":"Asociaci\u00f3n de T\u00e9cnicos de Inform\u00e1tica"},"image":{"@id":"https:\/\/www.ati.es\/#\/schema\/logo\/image\/"}},{"@type":"Person","@id":"https:\/\/www.ati.es\/#\/schema\/person\/f10b455cac9db0d6687d31d26183b3d1","name":"Administrador Web ATI","url":"https:\/\/www.ati.es\/es_es\/author\/administrador\/"}]}},"_links":{"self":[{"href":"https:\/\/www.ati.es\/es_es\/wp-json\/wp\/v2\/posts\/3020"}],"collection":[{"href":"https:\/\/www.ati.es\/es_es\/wp-json\/wp\/v2\/posts"}],"about":[{"href":"https:\/\/www.ati.es\/es_es\/wp-json\/wp\/v2\/types\/post"}],"author":[{"embeddable":true,"href":"https:\/\/www.ati.es\/es_es\/wp-json\/wp\/v2\/users\/16"}],"replies":[{"embeddable":true,"href":"https:\/\/www.ati.es\/es_es\/wp-json\/wp\/v2\/comments?post=3020"}],"version-history":[{"count":2,"href":"https:\/\/www.ati.es\/es_es\/wp-json\/wp\/v2\/posts\/3020\/revisions"}],"predecessor-version":[{"id":3035,"href":"https:\/\/www.ati.es\/es_es\/wp-json\/wp\/v2\/posts\/3020\/revisions\/3035"}],"wp:featuredmedia":[{"embeddable":true,"href":"https:\/\/www.ati.es\/es_es\/wp-json\/wp\/v2\/media\/2850"}],"wp:attachment":[{"href":"https:\/\/www.ati.es\/es_es\/wp-json\/wp\/v2\/media?parent=3020"}],"wp:term":[{"taxonomy":"category","embeddable":true,"href":"https:\/\/www.ati.es\/es_es\/wp-json\/wp\/v2\/categories?post=3020"},{"taxonomy":"post_tag","embeddable":true,"href":"https:\/\/www.ati.es\/es_es\/wp-json\/wp\/v2\/tags?post=3020"}],"curies":[{"name":"wp","href":"https:\/\/api.w.org\/{rel}","templated":true}]}}