{"id":3484,"date":"2021-01-13T17:37:11","date_gmt":"2021-01-13T16:37:11","guid":{"rendered":"https:\/\/www.ati.es\/?post_type=news&#038;p=3484"},"modified":"2021-01-13T17:52:29","modified_gmt":"2021-01-13T16:52:29","slug":"viii-smartcatalonia-challenge-20-01-2021","status":"publish","type":"news","link":"https:\/\/www.ati.es\/es_es\/news\/viii-smartcatalonia-challenge-20-01-2021\/","title":{"rendered":"VIII SmartCatalonia Challenge (20\/01\/2021)"},"content":{"rendered":"\n<p><strong>\u00a1\u00danete a la transformaci\u00f3n digital de la gesti\u00f3n de los espacios rurales de Catalu\u00f1a y consigue grandes premios!<\/strong><br><strong><br><\/strong>\u00bfEres una empresa o start-up?\u00a0\u00bfCuentas con soluciones tecnol\u00f3gicas para promover la innovaci\u00f3n en el territorio catal\u00e1n?\u00a0<\/p>\n\n\n\n<p>El pr\u00f3ximo&nbsp;<strong>20 de Enero<\/strong>&nbsp;a las&nbsp;<strong>11:00h<\/strong>&nbsp;presentaremos la&nbsp;<strong>VIII edici\u00f3n&nbsp;<\/strong>del<strong>&nbsp;<a href=\"https:\/\/participa.challenge.cat\/assemblies\/agentsrurals\" target=\"_blank\" rel=\"noreferrer noopener\">SmartCatalonia&nbsp;Challenge<\/a><\/strong>&nbsp;des del canal de YouTube de&nbsp;<a href=\"https:\/\/www.youtube.com\/user\/TICCATALUNYA\" target=\"_blank\" rel=\"noreferrer noopener\">Pol\u00edtiques Digitals i Administraci\u00f3&nbsp;P\u00fablica<\/a>.&nbsp;<\/p>\n\n\n\n<p>En esta nueva edici\u00f3n, los participantes tendr\u00e1n que trabajar para ofrecer soluciones innovadoras a&nbsp;<strong>4 retos<\/strong>&nbsp;que se han definido juntamente con el&nbsp;<a href=\"http:\/\/agricultura.gencat.cat\/ca\/departament\/agents-rurals\/index.html\" target=\"_blank\" rel=\"noreferrer noopener\">Cos d\u2019Agents&nbsp;Rurals<\/a>, del Departament d\u2019Agricultura, Ramaderia, Pesca i Alimentaci\u00f3. Durante la jornada se explicar\u00e1 c\u00f3mo funcionar\u00e1 el concurso de este a\u00f1o y los responsables de los diferentes retos explicar\u00e1n detalladamente las necesidades que quieren resolver.&nbsp;<\/p>\n\n\n\n<p>\u00bfQuieres ser parte del cambio? \u00a1No te pierdas esta cita para saber m\u00e1s y optar a grandes premios!<\/p>\n\n\n\n<p><strong><u>Programa<br><\/u><\/strong><\/p>\n\n\n\n<p>11.00h Bienvenida<\/p>\n\n\n\n<p>&nbsp; &nbsp; &nbsp; &nbsp; &nbsp; &nbsp;Sr. Dani Marco, director general de Innovaci\u00f3 i Economia Digital de la Generalitat de Catalunya&nbsp;<\/p>\n\n\n\n<p>&nbsp; &nbsp; &nbsp; &nbsp; &nbsp; &nbsp;Sr Marc Costa Trachsel, director general del Cos d\u2019Agents Rurals&nbsp;<br><\/p>\n\n\n\n<p>11.20h Iniciativa SmartCatalonia Challenge&nbsp;<br><\/p>\n\n\n\n<p>11.30h Presentaci\u00f3n de los retos&nbsp;<br><\/p>\n\n\n\n<p>RETO 1: Mejora del seguimiento de la fauna salvaje (a cargo de Gabriel Lampreave, coordinador del Cos d\u2019Agents Rurals en el seguimiento de poblaciones de oso y lobo)&nbsp;<br><\/p>\n\n\n\n<p>RETO 2: Sistemas automatizados para ahuyentar depredadores para la ramader\u00eda extensiva (a cargo de Gabriel Lampreave, coordinador del Cos d\u2019Agents Rurals en el seguimiento de poblaciones de oso y lobo)<br><\/p>\n\n\n\n<p>RETO 3: Control de accesos a espacios naturales (a cargo de Josep Antoni Mur Allu\u00e9, Inspector jefe del Cos d\u2019Agents Rurals)&nbsp;<br><\/p>\n\n\n\n<p>RETO 4: Utilizaci\u00f3n de drones u otras tecnolog\u00edas para el control y captura de ungulados (a cargo de Delia Serra Sang\u00fcesa, coordinadora unidad de RPAS del Cos d\u2019Agents Rurals)&nbsp;<\/p>\n\n\n\n<p><strong><u>Premios<\/u><\/strong><\/p>\n\n\n\n<p>1r premio: 5.000\u20ac y la oportunidad de desarrollar una prueba piloto con el Cos d\u2019Agents Rurals&nbsp;<\/p>\n\n\n\n<p>2o premio: 3.000\u20ac&nbsp;<\/p>\n\n\n\n<p>3r premio: 2.000\u20ac&nbsp;<\/p>\n\n\n\n<p>\u00bfCu\u00e1ndo?&nbsp;<strong>Mi\u00e9rcoles 20 de Enero, de 11:00h a 12:30h&nbsp;<\/strong>(31 de&nbsp;Mayo:&nbsp;Cierre&nbsp;de inscripciones. Junio: Gala final&nbsp;y&nbsp;entrega&nbsp;de premios)<strong><\/strong><\/p>\n\n\n\n<p>\u00bfD\u00f3nde? Canal de YouTube de&nbsp;<a href=\"https:\/\/www.youtube.com\/user\/TICCATALUNYA\" target=\"_blank\" rel=\"noreferrer noopener\">Pol\u00edtiques Digitals i Administraci\u00f3&nbsp;P\u00fablica<\/a><\/p>\n\n\n\n<p>Si ten\u00e9is cualquier duda,&nbsp;os pod\u00e9is&nbsp;dirigir al correo&nbsp;<a href=\"mailto:smartcatalonia@gencat.cat\" target=\"_blank\" rel=\"noreferrer noopener\">smartcatalonia@gencat.cat<\/a>.<\/p>\n ","protected":false},"excerpt":{"rendered":"<p>\u00a1\u00danete a la transformaci\u00f3n digital de la gesti\u00f3n de los espacios rurales de Catalu\u00f1a y consigue grandes premios!\u00bfEres una empresa o start-up?\u00a0\u00bfCuentas con soluciones tecnol\u00f3gicas para promover la innovaci\u00f3n en el territorio catal\u00e1n?\u00a0 El pr\u00f3ximo&nbsp;20 de Enero&nbsp;a las&nbsp;11:00h&nbsp;presentaremos la&nbsp;VIII edici\u00f3n&nbsp;del&nbsp;SmartCatalonia&nbsp;Challenge&nbsp;des del canal de YouTube de&nbsp;Pol\u00edtiques Digitals i Administraci\u00f3&nbsp;P\u00fablica.&nbsp; En esta nueva edici\u00f3n, los participantes tendr\u00e1n&#8230;<\/p>\n<p class=\"more-link-wrap\"><a href=\"https:\/\/www.ati.es\/es_es\/news\/viii-smartcatalonia-challenge-20-01-2021\/\" class=\"more-link\">Leer m\u00e1s<span class=\"screen-reader-text\"> &ldquo;VIII SmartCatalonia Challenge (20\/01\/2021)&rdquo;<\/span> &raquo;<\/a><\/p>\n","protected":false},"author":16,"featured_media":3485,"comment_status":"closed","ping_status":"closed","template":"","meta":[],"tags":[],"news-category":[10],"yoast_head":"<!-- This site is optimized with the Yoast SEO plugin v20.6 - https:\/\/yoast.com\/wordpress\/plugins\/seo\/ -->\n<title>VIII SmartCatalonia Challenge (20\/01\/2021) - Asociaci\u00f3n de T\u00e9cnicos de Inform\u00e1tica<\/title>\n<meta name=\"description\" content=\"SmartCatalonia Challenge, Pol\u00edtiques Digitals i Administraci\u00f3 P\u00fablica, Generalitat de Catalunya\" \/>\n<meta name=\"robots\" content=\"index, follow, max-snippet:-1, max-image-preview:large, max-video-preview:-1\" \/>\n<link rel=\"canonical\" href=\"https:\/\/www.ati.es\/es_es\/news\/viii-smartcatalonia-challenge-20-01-2021\/\" \/>\n<meta property=\"og:locale\" content=\"es_ES\" \/>\n<meta property=\"og:type\" content=\"article\" \/>\n<meta property=\"og:title\" content=\"VIII SmartCatalonia Challenge (20\/01\/2021) - Asociaci\u00f3n de T\u00e9cnicos de Inform\u00e1tica\" \/>\n<meta property=\"og:description\" content=\"SmartCatalonia Challenge, Pol\u00edtiques Digitals i Administraci\u00f3 P\u00fablica, Generalitat de Catalunya\" \/>\n<meta property=\"og:url\" content=\"https:\/\/www.ati.es\/es_es\/news\/viii-smartcatalonia-challenge-20-01-2021\/\" \/>\n<meta property=\"og:site_name\" content=\"Asociaci\u00f3n de T\u00e9cnicos de Inform\u00e1tica\" \/>\n<meta property=\"article:modified_time\" content=\"2021-01-13T16:52:29+00:00\" \/>\n<meta property=\"og:image\" content=\"https:\/\/www.ati.es\/wp-content\/uploads\/2021\/01\/Banner1-2.jpg\" \/>\n\t<meta property=\"og:image:width\" content=\"3579\" \/>\n\t<meta property=\"og:image:height\" content=\"1946\" \/>\n\t<meta property=\"og:image:type\" content=\"image\/jpeg\" \/>\n<meta name=\"twitter:card\" content=\"summary_large_image\" \/>\n<meta name=\"twitter:label1\" content=\"Tiempo de lectura\" \/>\n\t<meta name=\"twitter:data1\" content=\"2 minutos\" \/>\n<script type=\"application\/ld+json\" class=\"yoast-schema-graph\">{\"@context\":\"https:\/\/schema.org\",\"@graph\":[{\"@type\":\"WebPage\",\"@id\":\"https:\/\/www.ati.es\/news\/viii-smartcatalonia-challenge-20-01-2021\/\",\"url\":\"https:\/\/www.ati.es\/news\/viii-smartcatalonia-challenge-20-01-2021\/\",\"name\":\"VIII SmartCatalonia Challenge (20\/01\/2021) - Asociaci\u00f3n de T\u00e9cnicos de Inform\u00e1tica\",\"isPartOf\":{\"@id\":\"https:\/\/www.ati.es\/#website\"},\"datePublished\":\"2021-01-13T16:37:11+00:00\",\"dateModified\":\"2021-01-13T16:52:29+00:00\",\"description\":\"SmartCatalonia Challenge, Pol\u00edtiques Digitals i Administraci\u00f3 P\u00fablica, Generalitat de Catalunya\",\"breadcrumb\":{\"@id\":\"https:\/\/www.ati.es\/news\/viii-smartcatalonia-challenge-20-01-2021\/#breadcrumb\"},\"inLanguage\":\"es\",\"potentialAction\":[{\"@type\":\"ReadAction\",\"target\":[\"https:\/\/www.ati.es\/news\/viii-smartcatalonia-challenge-20-01-2021\/\"]}]},{\"@type\":\"BreadcrumbList\",\"@id\":\"https:\/\/www.ati.es\/news\/viii-smartcatalonia-challenge-20-01-2021\/#breadcrumb\",\"itemListElement\":[{\"@type\":\"ListItem\",\"position\":1,\"name\":\"Portada\",\"item\":\"https:\/\/www.ati.es\/\"},{\"@type\":\"ListItem\",\"position\":2,\"name\":\"News\",\"item\":\"https:\/\/www.ati.es\/news\/\"},{\"@type\":\"ListItem\",\"position\":3,\"name\":\"VIII SmartCatalonia Challenge (20\/01\/2021)\"}]},{\"@type\":\"WebSite\",\"@id\":\"https:\/\/www.ati.es\/#website\",\"url\":\"https:\/\/www.ati.es\/\",\"name\":\"Asociaci\u00f3n de T\u00e9cnicos de Inform\u00e1tica\",\"description\":\"\",\"publisher\":{\"@id\":\"https:\/\/www.ati.es\/#organization\"},\"potentialAction\":[{\"@type\":\"SearchAction\",\"target\":{\"@type\":\"EntryPoint\",\"urlTemplate\":\"https:\/\/www.ati.es\/?s={search_term_string}\"},\"query-input\":\"required name=search_term_string\"}],\"inLanguage\":\"es\"},{\"@type\":\"Organization\",\"@id\":\"https:\/\/www.ati.es\/#organization\",\"name\":\"Asociaci\u00f3n de T\u00e9cnicos de Inform\u00e1tica\",\"url\":\"https:\/\/www.ati.es\/\",\"logo\":{\"@type\":\"ImageObject\",\"inLanguage\":\"es\",\"@id\":\"https:\/\/www.ati.es\/#\/schema\/logo\/image\/\",\"url\":\"https:\/\/www.ati.es\/wp-content\/uploads\/2021\/07\/cropped-logoATIvectorized.png\",\"contentUrl\":\"https:\/\/www.ati.es\/wp-content\/uploads\/2021\/07\/cropped-logoATIvectorized.png\",\"width\":431,\"height\":231,\"caption\":\"Asociaci\u00f3n de T\u00e9cnicos de Inform\u00e1tica\"},\"image\":{\"@id\":\"https:\/\/www.ati.es\/#\/schema\/logo\/image\/\"}}]}<\/script>\n<!-- \/ Yoast SEO plugin. -->","yoast_head_json":{"title":"VIII SmartCatalonia Challenge (20\/01\/2021) - Asociaci\u00f3n de T\u00e9cnicos de Inform\u00e1tica","description":"SmartCatalonia Challenge, Pol\u00edtiques Digitals i Administraci\u00f3 P\u00fablica, Generalitat de Catalunya","robots":{"index":"index","follow":"follow","max-snippet":"max-snippet:-1","max-image-preview":"max-image-preview:large","max-video-preview":"max-video-preview:-1"},"canonical":"https:\/\/www.ati.es\/es_es\/news\/viii-smartcatalonia-challenge-20-01-2021\/","og_locale":"es_ES","og_type":"article","og_title":"VIII SmartCatalonia Challenge (20\/01\/2021) - Asociaci\u00f3n de T\u00e9cnicos de Inform\u00e1tica","og_description":"SmartCatalonia Challenge, Pol\u00edtiques Digitals i Administraci\u00f3 P\u00fablica, Generalitat de Catalunya","og_url":"https:\/\/www.ati.es\/es_es\/news\/viii-smartcatalonia-challenge-20-01-2021\/","og_site_name":"Asociaci\u00f3n de T\u00e9cnicos de Inform\u00e1tica","article_modified_time":"2021-01-13T16:52:29+00:00","og_image":[{"width":3579,"height":1946,"url":"https:\/\/www.ati.es\/wp-content\/uploads\/2021\/01\/Banner1-2.jpg","type":"image\/jpeg"}],"twitter_card":"summary_large_image","twitter_misc":{"Tiempo de lectura":"2 minutos"},"schema":{"@context":"https:\/\/schema.org","@graph":[{"@type":"WebPage","@id":"https:\/\/www.ati.es\/news\/viii-smartcatalonia-challenge-20-01-2021\/","url":"https:\/\/www.ati.es\/news\/viii-smartcatalonia-challenge-20-01-2021\/","name":"VIII SmartCatalonia Challenge (20\/01\/2021) - Asociaci\u00f3n de T\u00e9cnicos de Inform\u00e1tica","isPartOf":{"@id":"https:\/\/www.ati.es\/#website"},"datePublished":"2021-01-13T16:37:11+00:00","dateModified":"2021-01-13T16:52:29+00:00","description":"SmartCatalonia Challenge, Pol\u00edtiques Digitals i Administraci\u00f3 P\u00fablica, Generalitat de Catalunya","breadcrumb":{"@id":"https:\/\/www.ati.es\/news\/viii-smartcatalonia-challenge-20-01-2021\/#breadcrumb"},"inLanguage":"es","potentialAction":[{"@type":"ReadAction","target":["https:\/\/www.ati.es\/news\/viii-smartcatalonia-challenge-20-01-2021\/"]}]},{"@type":"BreadcrumbList","@id":"https:\/\/www.ati.es\/news\/viii-smartcatalonia-challenge-20-01-2021\/#breadcrumb","itemListElement":[{"@type":"ListItem","position":1,"name":"Portada","item":"https:\/\/www.ati.es\/"},{"@type":"ListItem","position":2,"name":"News","item":"https:\/\/www.ati.es\/news\/"},{"@type":"ListItem","position":3,"name":"VIII SmartCatalonia Challenge (20\/01\/2021)"}]},{"@type":"WebSite","@id":"https:\/\/www.ati.es\/#website","url":"https:\/\/www.ati.es\/","name":"Asociaci\u00f3n de T\u00e9cnicos de Inform\u00e1tica","description":"","publisher":{"@id":"https:\/\/www.ati.es\/#organization"},"potentialAction":[{"@type":"SearchAction","target":{"@type":"EntryPoint","urlTemplate":"https:\/\/www.ati.es\/?s={search_term_string}"},"query-input":"required name=search_term_string"}],"inLanguage":"es"},{"@type":"Organization","@id":"https:\/\/www.ati.es\/#organization","name":"Asociaci\u00f3n de T\u00e9cnicos de Inform\u00e1tica","url":"https:\/\/www.ati.es\/","logo":{"@type":"ImageObject","inLanguage":"es","@id":"https:\/\/www.ati.es\/#\/schema\/logo\/image\/","url":"https:\/\/www.ati.es\/wp-content\/uploads\/2021\/07\/cropped-logoATIvectorized.png","contentUrl":"https:\/\/www.ati.es\/wp-content\/uploads\/2021\/07\/cropped-logoATIvectorized.png","width":431,"height":231,"caption":"Asociaci\u00f3n de T\u00e9cnicos de Inform\u00e1tica"},"image":{"@id":"https:\/\/www.ati.es\/#\/schema\/logo\/image\/"}}]}},"_links":{"self":[{"href":"https:\/\/www.ati.es\/es_es\/wp-json\/wp\/v2\/news\/3484"}],"collection":[{"href":"https:\/\/www.ati.es\/es_es\/wp-json\/wp\/v2\/news"}],"about":[{"href":"https:\/\/www.ati.es\/es_es\/wp-json\/wp\/v2\/types\/news"}],"author":[{"embeddable":true,"href":"https:\/\/www.ati.es\/es_es\/wp-json\/wp\/v2\/users\/16"}],"replies":[{"embeddable":true,"href":"https:\/\/www.ati.es\/es_es\/wp-json\/wp\/v2\/comments?post=3484"}],"version-history":[{"count":0,"href":"https:\/\/www.ati.es\/es_es\/wp-json\/wp\/v2\/news\/3484\/revisions"}],"wp:featuredmedia":[{"embeddable":true,"href":"https:\/\/www.ati.es\/es_es\/wp-json\/wp\/v2\/media\/3485"}],"wp:attachment":[{"href":"https:\/\/www.ati.es\/es_es\/wp-json\/wp\/v2\/media?parent=3484"}],"wp:term":[{"taxonomy":"post_tag","embeddable":true,"href":"https:\/\/www.ati.es\/es_es\/wp-json\/wp\/v2\/tags?post=3484"},{"taxonomy":"news-category","embeddable":true,"href":"https:\/\/www.ati.es\/es_es\/wp-json\/wp\/v2\/news-category?post=3484"}],"curies":[{"name":"wp","href":"https:\/\/api.w.org\/{rel}","templated":true}]}}