{"id":3102,"date":"2020-12-10T09:30:08","date_gmt":"2020-12-10T08:30:08","guid":{"rendered":"https:\/\/www.ati.es\/?post_type=news&#038;p=3102"},"modified":"2020-12-10T09:43:52","modified_gmt":"2020-12-10T08:43:52","slug":"tec-de-programacio-i-tec-de-sistemes","status":"publish","type":"news","link":"https:\/\/www.ati.es\/ca\/news\/tec-de-programacio-i-tec-de-sistemes\/","title":{"rendered":"T\u00e8cnic de Programaci\u00f3 i T\u00e8cnic de Sistemes"},"content":{"rendered":"<h3>Barcelona [Ajuntament de Rub\u00ed]<\/h3>\n\n\n\n<p><em>Oferta d&#8217;ocupaci\u00f3 p\u00fablica &#8211; Personal temporal<\/em><\/p>\n\n\n\n<p>El\u00a0termini de presentaci\u00f3\u00a0d\u2019inst\u00e0ncies s\u2019inicia el dia 3 de desembre i \u00a0<strong>finalitza el dia 22 de desembre de 2020<\/strong>, incl\u00f2s (20 dies naturals des de l\u2019endem\u00e0 de la publicaci\u00f3 al BOPB).<\/p>\n\n\n<a href=\"https:\/\/www.ati.es\/wp-content\/uploads\/2020\/12\/Bases-generals-dels-processos-selectius-per-a-la-cobertura-de-vacants-temporals.pdf\" class=\"pdfemb-viewer\" style=\"\" data-width=\"max\" data-height=\"max\"  data-toolbar=\"top\" data-toolbar-fixed=\"on\">Bases-generals-dels-processos-selectius-per-a-la-cobertura-de-vacants-temporals<br\/><\/a>\n<p class=\"wp-block-pdfemb-pdf-embedder-viewer\"><\/p>\n\n\n<a href=\"https:\/\/www.ati.es\/wp-content\/uploads\/2020\/12\/Anunci-BOPB-Bases-especifiques-per-a-la-creacio-duna-borsa-de-treball-de-personal-tecnic-mitja-dInformatica-especialitats-Programacio-i-Sistemes.pdf\" class=\"pdfemb-viewer\" style=\"\" data-width=\"max\" data-height=\"max\"  data-toolbar=\"top\" data-toolbar-fixed=\"on\">Anunci-BOPB-Bases-especifiques-per-a-la-creacio-duna-borsa-de-treball-de-personal-tecnic-mitja-dInformatica-especialitats-Programacio-i-Sistemes<br\/><\/a>\n<p class=\"wp-block-pdfemb-pdf-embedder-viewer\"><\/p>\n\n\n<a href=\"https:\/\/www.ati.es\/wp-content\/uploads\/2020\/12\/Instancia-Borsa-de-treball-de-personal-tecnic-dinformatica-grup-A2-especialitats-Programacio-i-Sistemes.pdf\" class=\"pdfemb-viewer\" style=\"\" data-width=\"max\" data-height=\"max\"  data-toolbar=\"top\" data-toolbar-fixed=\"on\">Instancia-Borsa-de-treball-de-personal-tecnic-dinformatica-grup-A2-especialitats-Programacio-i-Sistemes<br\/><\/a>\n<p class=\"wp-block-pdfemb-pdf-embedder-viewer\"><\/p>\n\n\n\n<p>Les sol\u00b7licituds per prendre part en aquesta convocat\u00f2ria s\u2019han de presentar preferentment per\u00a0<a href=\"https:\/\/tramits.rubi.cat\/sta\/Relec\/CatalogDetail?dboidRequest=6269000022838659207707&amp;action=make&amp;dboidProcedure=6262600011735108507707&amp;urlBack=NO\" target=\"_blank\" rel=\"noreferrer noopener\">registre telem\u00e0tic<\/a>\u00a0a la Seu electr\u00f2nica municipal, o b\u00e9, per correu administratiu, \u00e9s a dir, presentant la documentaci\u00f3 a una Oficina de correus indicant que es tracta de documentaci\u00f3 per un proc\u00e9s selectiu i que cal que posin el segell d\u2019entrada de registre al full de la inst\u00e0ncia (no en el sobre), de manera que la data que constar\u00e0 a efectes de registre i c\u00f2mput de termini sigui la de l\u2019Oficina de correus.\u00a0En cap cas es podr\u00e0 admetre la documentaci\u00f3 per correu electr\u00f2nic.<\/p>\n\n\n\n<p>En cas que es presenti per correu postal administratiu, s\u2019haur\u00e0 de comunicar aquest fet al departament de Recursos Humans, enviant c\u00f2pia de la inst\u00e0ncia segellada a l\u2019adre\u00e7a de correu electr\u00f2nic\u00a0\u00a0<a href=\"mailto:rh_seleccio@ajrubi.cat\">rh_seleccio@ajrubi.cat<\/a>\u00a0com a molt tard el dia seg\u00fcent al de la finalitzaci\u00f3 del termini de presentaci\u00f3 d\u2019inst\u00e0ncies.<\/p>\n\n\n\n<p>Presentaci\u00f3 de m\u00e8rits: Juntament amb la inst\u00e0ncia s\u2019haur\u00e0 de presentar la documentaci\u00f3 acreditativa dels m\u00e8rits al\u00b7legats que s\u2019haur\u00e0 de relacionar en el formulari de sol\u00b7licitud de participaci\u00f3.<\/p>","protected":false},"excerpt":{"rendered":"<p>Barcelona [Ajuntament de Rub\u00ed] Oferta d&#8217;ocupaci\u00f3 p\u00fablica &#8211; Personal temporal El\u00a0termini de presentaci\u00f3\u00a0d\u2019inst\u00e0ncies s\u2019inicia el dia 3 de desembre i \u00a0finalitza el dia 22 de desembre de 2020, incl\u00f2s (20 dies naturals des de l\u2019endem\u00e0 de la publicaci\u00f3 al BOPB). Les sol\u00b7licituds per prendre part en aquesta convocat\u00f2ria s\u2019han de presentar preferentment per\u00a0registre telem\u00e0tic\u00a0a la&#8230;<\/p>\n<p class=\"more-link-wrap\"><a href=\"https:\/\/www.ati.es\/ca\/news\/tec-de-programacio-i-tec-de-sistemes\/\" class=\"more-link\">Leer m\u00e1s<span class=\"screen-reader-text\"> &ldquo;T\u00e8cnic de Programaci\u00f3 i T\u00e8cnic de Sistemes&rdquo;<\/span> \u00bb<\/a><\/p>","protected":false},"author":16,"featured_media":0,"comment_status":"closed","ping_status":"closed","template":"","meta":[],"tags":[],"news-category":[30],"yoast_head":"<!-- This site is optimized with the Yoast SEO plugin v20.6 - https:\/\/yoast.com\/wordpress\/plugins\/seo\/ -->\n<title>T\u00e8cnic de Programaci\u00f3 i T\u00e8cnic de Sistemes - Asociaci\u00f3n de T\u00e9cnicos de Inform\u00e1tica<\/title>\n<meta name=\"robots\" content=\"index, follow, max-snippet:-1, max-image-preview:large, max-video-preview:-1\" \/>\n<link rel=\"canonical\" href=\"https:\/\/www.ati.es\/ca\/news\/tec-de-programacio-i-tec-de-sistemes\/\" \/>\n<meta property=\"og:locale\" content=\"ca_ES\" \/>\n<meta property=\"og:type\" content=\"article\" \/>\n<meta property=\"og:title\" content=\"T\u00e8cnic de Programaci\u00f3 i T\u00e8cnic de Sistemes - Asociaci\u00f3n de T\u00e9cnicos de Inform\u00e1tica\" \/>\n<meta property=\"og:description\" content=\"Barcelona [Ajuntament de Rub\u00ed] Oferta d&#8217;ocupaci\u00f3 p\u00fablica &#8211; Personal temporal El\u00a0termini de presentaci\u00f3\u00a0d\u2019inst\u00e0ncies s\u2019inicia el dia 3 de desembre i \u00a0finalitza el dia 22 de desembre de 2020, incl\u00f2s (20 dies naturals des de l\u2019endem\u00e0 de la publicaci\u00f3 al BOPB). Les sol\u00b7licituds per prendre part en aquesta convocat\u00f2ria s\u2019han de presentar preferentment per\u00a0registre telem\u00e0tic\u00a0a la...Leer m\u00e1s &ldquo;T\u00e8cnic de Programaci\u00f3 i T\u00e8cnic de Sistemes&rdquo; &raquo;\" \/>\n<meta property=\"og:url\" content=\"https:\/\/www.ati.es\/ca\/news\/tec-de-programacio-i-tec-de-sistemes\/\" \/>\n<meta property=\"og:site_name\" content=\"Asociaci\u00f3n de T\u00e9cnicos de Inform\u00e1tica\" \/>\n<meta property=\"article:modified_time\" content=\"2020-12-10T08:43:52+00:00\" \/>\n<meta name=\"twitter:card\" content=\"summary_large_image\" \/>\n<meta name=\"twitter:label1\" content=\"Temps estimat de lectura\" \/>\n\t<meta name=\"twitter:data1\" content=\"1 minut\" \/>\n<script type=\"application\/ld+json\" class=\"yoast-schema-graph\">{\"@context\":\"https:\/\/schema.org\",\"@graph\":[{\"@type\":\"WebPage\",\"@id\":\"https:\/\/www.ati.es\/news\/tec-de-programacio-i-tec-de-sistemes\/\",\"url\":\"https:\/\/www.ati.es\/news\/tec-de-programacio-i-tec-de-sistemes\/\",\"name\":\"T\u00e8cnic de Programaci\u00f3 i T\u00e8cnic de Sistemes - Asociaci\u00f3n de T\u00e9cnicos de Inform\u00e1tica\",\"isPartOf\":{\"@id\":\"https:\/\/www.ati.es\/#website\"},\"datePublished\":\"2020-12-10T08:30:08+00:00\",\"dateModified\":\"2020-12-10T08:43:52+00:00\",\"breadcrumb\":{\"@id\":\"https:\/\/www.ati.es\/news\/tec-de-programacio-i-tec-de-sistemes\/#breadcrumb\"},\"inLanguage\":\"ca\",\"potentialAction\":[{\"@type\":\"ReadAction\",\"target\":[\"https:\/\/www.ati.es\/news\/tec-de-programacio-i-tec-de-sistemes\/\"]}]},{\"@type\":\"BreadcrumbList\",\"@id\":\"https:\/\/www.ati.es\/news\/tec-de-programacio-i-tec-de-sistemes\/#breadcrumb\",\"itemListElement\":[{\"@type\":\"ListItem\",\"position\":1,\"name\":\"Portada\",\"item\":\"https:\/\/www.ati.es\/\"},{\"@type\":\"ListItem\",\"position\":2,\"name\":\"News\",\"item\":\"https:\/\/www.ati.es\/news\/\"},{\"@type\":\"ListItem\",\"position\":3,\"name\":\"T\u00e8cnic de Programaci\u00f3 i T\u00e8cnic de Sistemes\"}]},{\"@type\":\"WebSite\",\"@id\":\"https:\/\/www.ati.es\/#website\",\"url\":\"https:\/\/www.ati.es\/\",\"name\":\"Asociaci\u00f3n de T\u00e9cnicos de Inform\u00e1tica\",\"description\":\"\",\"publisher\":{\"@id\":\"https:\/\/www.ati.es\/#organization\"},\"potentialAction\":[{\"@type\":\"SearchAction\",\"target\":{\"@type\":\"EntryPoint\",\"urlTemplate\":\"https:\/\/www.ati.es\/?s={search_term_string}\"},\"query-input\":\"required name=search_term_string\"}],\"inLanguage\":\"ca\"},{\"@type\":\"Organization\",\"@id\":\"https:\/\/www.ati.es\/#organization\",\"name\":\"Asociaci\u00f3n de T\u00e9cnicos de Inform\u00e1tica\",\"url\":\"https:\/\/www.ati.es\/\",\"logo\":{\"@type\":\"ImageObject\",\"inLanguage\":\"ca\",\"@id\":\"https:\/\/www.ati.es\/#\/schema\/logo\/image\/\",\"url\":\"https:\/\/www.ati.es\/wp-content\/uploads\/2021\/07\/cropped-logoATIvectorized.png\",\"contentUrl\":\"https:\/\/www.ati.es\/wp-content\/uploads\/2021\/07\/cropped-logoATIvectorized.png\",\"width\":431,\"height\":231,\"caption\":\"Asociaci\u00f3n de T\u00e9cnicos de Inform\u00e1tica\"},\"image\":{\"@id\":\"https:\/\/www.ati.es\/#\/schema\/logo\/image\/\"}}]}<\/script>\n<!-- \/ Yoast SEO plugin. -->","yoast_head_json":{"title":"T\u00e8cnic de Programaci\u00f3 i T\u00e8cnic de Sistemes - Asociaci\u00f3n de T\u00e9cnicos de Inform\u00e1tica","robots":{"index":"index","follow":"follow","max-snippet":"max-snippet:-1","max-image-preview":"max-image-preview:large","max-video-preview":"max-video-preview:-1"},"canonical":"https:\/\/www.ati.es\/ca\/news\/tec-de-programacio-i-tec-de-sistemes\/","og_locale":"ca_ES","og_type":"article","og_title":"T\u00e8cnic de Programaci\u00f3 i T\u00e8cnic de Sistemes - Asociaci\u00f3n de T\u00e9cnicos de Inform\u00e1tica","og_description":"Barcelona [Ajuntament de Rub\u00ed] Oferta d&#8217;ocupaci\u00f3 p\u00fablica &#8211; Personal temporal El\u00a0termini de presentaci\u00f3\u00a0d\u2019inst\u00e0ncies s\u2019inicia el dia 3 de desembre i \u00a0finalitza el dia 22 de desembre de 2020, incl\u00f2s (20 dies naturals des de l\u2019endem\u00e0 de la publicaci\u00f3 al BOPB). Les sol\u00b7licituds per prendre part en aquesta convocat\u00f2ria s\u2019han de presentar preferentment per\u00a0registre telem\u00e0tic\u00a0a la...Leer m\u00e1s &ldquo;T\u00e8cnic de Programaci\u00f3 i T\u00e8cnic de Sistemes&rdquo; &raquo;","og_url":"https:\/\/www.ati.es\/ca\/news\/tec-de-programacio-i-tec-de-sistemes\/","og_site_name":"Asociaci\u00f3n de T\u00e9cnicos de Inform\u00e1tica","article_modified_time":"2020-12-10T08:43:52+00:00","twitter_card":"summary_large_image","twitter_misc":{"Temps estimat de lectura":"1 minut"},"schema":{"@context":"https:\/\/schema.org","@graph":[{"@type":"WebPage","@id":"https:\/\/www.ati.es\/news\/tec-de-programacio-i-tec-de-sistemes\/","url":"https:\/\/www.ati.es\/news\/tec-de-programacio-i-tec-de-sistemes\/","name":"T\u00e8cnic de Programaci\u00f3 i T\u00e8cnic de Sistemes - Asociaci\u00f3n de T\u00e9cnicos de Inform\u00e1tica","isPartOf":{"@id":"https:\/\/www.ati.es\/#website"},"datePublished":"2020-12-10T08:30:08+00:00","dateModified":"2020-12-10T08:43:52+00:00","breadcrumb":{"@id":"https:\/\/www.ati.es\/news\/tec-de-programacio-i-tec-de-sistemes\/#breadcrumb"},"inLanguage":"ca","potentialAction":[{"@type":"ReadAction","target":["https:\/\/www.ati.es\/news\/tec-de-programacio-i-tec-de-sistemes\/"]}]},{"@type":"BreadcrumbList","@id":"https:\/\/www.ati.es\/news\/tec-de-programacio-i-tec-de-sistemes\/#breadcrumb","itemListElement":[{"@type":"ListItem","position":1,"name":"Portada","item":"https:\/\/www.ati.es\/"},{"@type":"ListItem","position":2,"name":"News","item":"https:\/\/www.ati.es\/news\/"},{"@type":"ListItem","position":3,"name":"T\u00e8cnic de Programaci\u00f3 i T\u00e8cnic de Sistemes"}]},{"@type":"WebSite","@id":"https:\/\/www.ati.es\/#website","url":"https:\/\/www.ati.es\/","name":"Associaci\u00f3 de T\u00e8cnics d'Inform\u00e0tica","description":"","publisher":{"@id":"https:\/\/www.ati.es\/#organization"},"potentialAction":[{"@type":"SearchAction","target":{"@type":"EntryPoint","urlTemplate":"https:\/\/www.ati.es\/?s={search_term_string}"},"query-input":"required name=search_term_string"}],"inLanguage":"ca"},{"@type":"Organization","@id":"https:\/\/www.ati.es\/#organization","name":"Associaci\u00f3 de T\u00e8cnics d'Inform\u00e0tica","url":"https:\/\/www.ati.es\/","logo":{"@type":"ImageObject","inLanguage":"ca","@id":"https:\/\/www.ati.es\/#\/schema\/logo\/image\/","url":"https:\/\/www.ati.es\/wp-content\/uploads\/2021\/07\/cropped-logoATIvectorized.png","contentUrl":"https:\/\/www.ati.es\/wp-content\/uploads\/2021\/07\/cropped-logoATIvectorized.png","width":431,"height":231,"caption":"Asociaci\u00f3n de T\u00e9cnicos de Inform\u00e1tica"},"image":{"@id":"https:\/\/www.ati.es\/#\/schema\/logo\/image\/"}}]}},"_links":{"self":[{"href":"https:\/\/www.ati.es\/ca\/wp-json\/wp\/v2\/news\/3102"}],"collection":[{"href":"https:\/\/www.ati.es\/ca\/wp-json\/wp\/v2\/news"}],"about":[{"href":"https:\/\/www.ati.es\/ca\/wp-json\/wp\/v2\/types\/news"}],"author":[{"embeddable":true,"href":"https:\/\/www.ati.es\/ca\/wp-json\/wp\/v2\/users\/16"}],"replies":[{"embeddable":true,"href":"https:\/\/www.ati.es\/ca\/wp-json\/wp\/v2\/comments?post=3102"}],"version-history":[{"count":0,"href":"https:\/\/www.ati.es\/ca\/wp-json\/wp\/v2\/news\/3102\/revisions"}],"wp:attachment":[{"href":"https:\/\/www.ati.es\/ca\/wp-json\/wp\/v2\/media?parent=3102"}],"wp:term":[{"taxonomy":"post_tag","embeddable":true,"href":"https:\/\/www.ati.es\/ca\/wp-json\/wp\/v2\/tags?post=3102"},{"taxonomy":"news-category","embeddable":true,"href":"https:\/\/www.ati.es\/ca\/wp-json\/wp\/v2\/news-category?post=3102"}],"curies":[{"name":"wp","href":"https:\/\/api.w.org\/{rel}","templated":true}]}}