{"id":2579,"date":"2020-10-22T13:15:54","date_gmt":"2020-10-22T12:15:54","guid":{"rendered":"https:\/\/www.ati.es\/?post_type=news&#038;p=2579"},"modified":"2020-12-09T15:24:04","modified_gmt":"2020-12-09T14:24:04","slug":"ii-jornada-blockchain-economia-26-10-2020","status":"publish","type":"news","link":"https:\/\/www.ati.es\/ca\/news\/ii-jornada-blockchain-economia-26-10-2020\/","title":{"rendered":"II Jornada Blockchain Econom\u00eda (26\/10\/2020)"},"content":{"rendered":"<p>El pr\u00f3ximo lunes&nbsp;<strong>26 de Octubre<\/strong>&nbsp;tendr\u00e1 lugar la&nbsp;<strong>II Jornada Blockchain Econom\u00eda<\/strong>&nbsp;(con asistencia&nbsp;presencial de los ponentes y online del p\u00fablico).<\/p>\n\n\n\n<p><br>En la jornada se hablar\u00e1 de la tecnolog\u00eda blockchain en el sector financiero y en otros sectores empresariales. Se&nbsp;plantear\u00e1&nbsp;cu\u00e1ndo llegar\u00e1 el euro digital, intervendr\u00e1n&nbsp;registradores de la Propiedad quienes dar\u00e1n la f\u00f3rmula para tokenizar (digitalizar en una red blockchain) inmuebles y activos mobiliarios con respaldo legal, para facilitar las transacciones, se hablar\u00e1 de procesos en marcha e implantaciones de blockchain. Todo esto y mucho m\u00e1s el pr\u00f3ximo lunes.&nbsp;Un evento que no te puedes perder.<br><\/p>\n\n\n\n<p>Repsol,&nbsp;FCC Construcci\u00f3n, Izertis, Realsec, Endesa, Petronor, Telef\u00f3nica, Alastria, IBEX, Banco Santander&#8230; Puedes ver todos los participantes del evento en el programa que se encuentra junto al formulario&nbsp;de inscripci\u00f3n&nbsp;gratuita:<br><a href=\"https:\/\/www.blockchaineconomia.es\/ii-jornada-blockchain-economia\/\" target=\"_blank\" rel=\"noreferrer noopener\">https:\/\/www.blockchaineconomia.es\/ii-jornada-blockchain-economia\/<\/a><\/p>","protected":false},"excerpt":{"rendered":"<p>El pr\u00f3ximo lunes&nbsp;26 de Octubre&nbsp;tendr\u00e1 lugar la&nbsp;II Jornada Blockchain Econom\u00eda&nbsp;(con asistencia&nbsp;presencial de los ponentes y online del p\u00fablico). En la jornada se hablar\u00e1 de la tecnolog\u00eda blockchain en el sector financiero y en otros sectores empresariales. Se&nbsp;plantear\u00e1&nbsp;cu\u00e1ndo llegar\u00e1 el euro digital, intervendr\u00e1n&nbsp;registradores de la Propiedad quienes dar\u00e1n la f\u00f3rmula para tokenizar (digitalizar en una red&#8230;<\/p>\n<p class=\"more-link-wrap\"><a href=\"https:\/\/www.ati.es\/ca\/news\/ii-jornada-blockchain-economia-26-10-2020\/\" class=\"more-link\">Leer m\u00e1s<span class=\"screen-reader-text\"> &ldquo;II Jornada Blockchain Econom\u00eda (26\/10\/2020)&rdquo;<\/span> \u00bb<\/a><\/p>","protected":false},"author":16,"featured_media":2580,"comment_status":"closed","ping_status":"closed","template":"","meta":[],"tags":[],"news-category":[10],"yoast_head":"<!-- This site is optimized with the Yoast SEO plugin v20.6 - https:\/\/yoast.com\/wordpress\/plugins\/seo\/ -->\n<title>II Jornada Blockchain Econom\u00eda (26\/10\/2020) - Asociaci\u00f3n de T\u00e9cnicos de Inform\u00e1tica<\/title>\n<meta name=\"description\" content=\"El pr\u00f3ximo lunes 26 de Octubre tendr\u00e1 lugar la II Jornada Blockchain Econom\u00eda\" \/>\n<meta name=\"robots\" content=\"index, follow, max-snippet:-1, max-image-preview:large, max-video-preview:-1\" \/>\n<link rel=\"canonical\" href=\"https:\/\/www.ati.es\/ca\/eventos_ati\/\" \/>\n<meta property=\"og:locale\" content=\"ca_ES\" \/>\n<meta property=\"og:type\" content=\"article\" \/>\n<meta property=\"og:title\" content=\"II Jornada Blockchain Econom\u00eda (26\/10\/2020) - Asociaci\u00f3n de T\u00e9cnicos de Inform\u00e1tica\" \/>\n<meta property=\"og:description\" content=\"El pr\u00f3ximo lunes 26 de Octubre tendr\u00e1 lugar la II Jornada Blockchain Econom\u00eda\" \/>\n<meta property=\"og:url\" content=\"https:\/\/www.ati.es\/ca\/eventos_ati\/\" \/>\n<meta property=\"og:site_name\" content=\"Asociaci\u00f3n de T\u00e9cnicos de Inform\u00e1tica\" \/>\n<meta property=\"article:modified_time\" content=\"2020-12-09T14:24:04+00:00\" \/>\n<meta property=\"og:image\" content=\"https:\/\/www.ati.es\/wp-content\/uploads\/2020\/10\/LOGO.png\" \/>\n\t<meta property=\"og:image:width\" content=\"800\" \/>\n\t<meta property=\"og:image:height\" content=\"264\" \/>\n\t<meta property=\"og:image:type\" content=\"image\/png\" \/>\n<meta name=\"twitter:card\" content=\"summary_large_image\" \/>\n<meta name=\"twitter:label1\" content=\"Temps estimat de lectura\" \/>\n\t<meta name=\"twitter:data1\" content=\"1 minut\" \/>\n<script type=\"application\/ld+json\" class=\"yoast-schema-graph\">{\"@context\":\"https:\/\/schema.org\",\"@graph\":[{\"@type\":\"WebPage\",\"@id\":\"https:\/\/www.ati.es\/news\/ii-jornada-blockchain-economia-26-10-2020\/\",\"url\":\"https:\/\/www.ati.es\/eventos_ati\/\",\"name\":\"II Jornada Blockchain Econom\u00eda (26\/10\/2020) - Asociaci\u00f3n de T\u00e9cnicos de Inform\u00e1tica\",\"isPartOf\":{\"@id\":\"https:\/\/www.ati.es\/#website\"},\"datePublished\":\"2020-10-22T12:15:54+00:00\",\"dateModified\":\"2020-12-09T14:24:04+00:00\",\"description\":\"El pr\u00f3ximo lunes 26 de Octubre tendr\u00e1 lugar la II Jornada Blockchain Econom\u00eda\",\"breadcrumb\":{\"@id\":\"https:\/\/www.ati.es\/eventos_ati\/#breadcrumb\"},\"inLanguage\":\"ca\",\"potentialAction\":[{\"@type\":\"ReadAction\",\"target\":[\"https:\/\/www.ati.es\/eventos_ati\/\"]}]},{\"@type\":\"BreadcrumbList\",\"@id\":\"https:\/\/www.ati.es\/eventos_ati\/#breadcrumb\",\"itemListElement\":[{\"@type\":\"ListItem\",\"position\":1,\"name\":\"Portada\",\"item\":\"https:\/\/www.ati.es\/\"},{\"@type\":\"ListItem\",\"position\":2,\"name\":\"News\",\"item\":\"https:\/\/www.ati.es\/news\/\"},{\"@type\":\"ListItem\",\"position\":3,\"name\":\"II Jornada Blockchain Econom\u00eda (26\/10\/2020)\"}]},{\"@type\":\"WebSite\",\"@id\":\"https:\/\/www.ati.es\/#website\",\"url\":\"https:\/\/www.ati.es\/\",\"name\":\"Asociaci\u00f3n de T\u00e9cnicos de Inform\u00e1tica\",\"description\":\"\",\"publisher\":{\"@id\":\"https:\/\/www.ati.es\/#organization\"},\"potentialAction\":[{\"@type\":\"SearchAction\",\"target\":{\"@type\":\"EntryPoint\",\"urlTemplate\":\"https:\/\/www.ati.es\/?s={search_term_string}\"},\"query-input\":\"required name=search_term_string\"}],\"inLanguage\":\"ca\"},{\"@type\":\"Organization\",\"@id\":\"https:\/\/www.ati.es\/#organization\",\"name\":\"Asociaci\u00f3n de T\u00e9cnicos de Inform\u00e1tica\",\"url\":\"https:\/\/www.ati.es\/\",\"logo\":{\"@type\":\"ImageObject\",\"inLanguage\":\"ca\",\"@id\":\"https:\/\/www.ati.es\/#\/schema\/logo\/image\/\",\"url\":\"https:\/\/www.ati.es\/wp-content\/uploads\/2021\/07\/cropped-logoATIvectorized.png\",\"contentUrl\":\"https:\/\/www.ati.es\/wp-content\/uploads\/2021\/07\/cropped-logoATIvectorized.png\",\"width\":431,\"height\":231,\"caption\":\"Asociaci\u00f3n de T\u00e9cnicos de Inform\u00e1tica\"},\"image\":{\"@id\":\"https:\/\/www.ati.es\/#\/schema\/logo\/image\/\"}}]}<\/script>\n<!-- \/ Yoast SEO plugin. -->","yoast_head_json":{"title":"II Jornada Blockchain Econom\u00eda (26\/10\/2020) - Asociaci\u00f3n de T\u00e9cnicos de Inform\u00e1tica","description":"El pr\u00f3ximo lunes 26 de Octubre tendr\u00e1 lugar la II Jornada Blockchain Econom\u00eda","robots":{"index":"index","follow":"follow","max-snippet":"max-snippet:-1","max-image-preview":"max-image-preview:large","max-video-preview":"max-video-preview:-1"},"canonical":"https:\/\/www.ati.es\/ca\/eventos_ati\/","og_locale":"ca_ES","og_type":"article","og_title":"II Jornada Blockchain Econom\u00eda (26\/10\/2020) - Asociaci\u00f3n de T\u00e9cnicos de Inform\u00e1tica","og_description":"El pr\u00f3ximo lunes 26 de Octubre tendr\u00e1 lugar la II Jornada Blockchain Econom\u00eda","og_url":"https:\/\/www.ati.es\/ca\/eventos_ati\/","og_site_name":"Asociaci\u00f3n de T\u00e9cnicos de Inform\u00e1tica","article_modified_time":"2020-12-09T14:24:04+00:00","og_image":[{"width":800,"height":264,"url":"https:\/\/www.ati.es\/wp-content\/uploads\/2020\/10\/LOGO.png","type":"image\/png"}],"twitter_card":"summary_large_image","twitter_misc":{"Temps estimat de lectura":"1 minut"},"schema":{"@context":"https:\/\/schema.org","@graph":[{"@type":"WebPage","@id":"https:\/\/www.ati.es\/news\/ii-jornada-blockchain-economia-26-10-2020\/","url":"https:\/\/www.ati.es\/eventos_ati\/","name":"II Jornada Blockchain Econom\u00eda (26\/10\/2020) - Asociaci\u00f3n de T\u00e9cnicos de Inform\u00e1tica","isPartOf":{"@id":"https:\/\/www.ati.es\/#website"},"datePublished":"2020-10-22T12:15:54+00:00","dateModified":"2020-12-09T14:24:04+00:00","description":"El pr\u00f3ximo lunes 26 de Octubre tendr\u00e1 lugar la II Jornada Blockchain Econom\u00eda","breadcrumb":{"@id":"https:\/\/www.ati.es\/eventos_ati\/#breadcrumb"},"inLanguage":"ca","potentialAction":[{"@type":"ReadAction","target":["https:\/\/www.ati.es\/eventos_ati\/"]}]},{"@type":"BreadcrumbList","@id":"https:\/\/www.ati.es\/eventos_ati\/#breadcrumb","itemListElement":[{"@type":"ListItem","position":1,"name":"Portada","item":"https:\/\/www.ati.es\/"},{"@type":"ListItem","position":2,"name":"News","item":"https:\/\/www.ati.es\/news\/"},{"@type":"ListItem","position":3,"name":"II Jornada Blockchain Econom\u00eda (26\/10\/2020)"}]},{"@type":"WebSite","@id":"https:\/\/www.ati.es\/#website","url":"https:\/\/www.ati.es\/","name":"Associaci\u00f3 de T\u00e8cnics d'Inform\u00e0tica","description":"","publisher":{"@id":"https:\/\/www.ati.es\/#organization"},"potentialAction":[{"@type":"SearchAction","target":{"@type":"EntryPoint","urlTemplate":"https:\/\/www.ati.es\/?s={search_term_string}"},"query-input":"required name=search_term_string"}],"inLanguage":"ca"},{"@type":"Organization","@id":"https:\/\/www.ati.es\/#organization","name":"Associaci\u00f3 de T\u00e8cnics d'Inform\u00e0tica","url":"https:\/\/www.ati.es\/","logo":{"@type":"ImageObject","inLanguage":"ca","@id":"https:\/\/www.ati.es\/#\/schema\/logo\/image\/","url":"https:\/\/www.ati.es\/wp-content\/uploads\/2021\/07\/cropped-logoATIvectorized.png","contentUrl":"https:\/\/www.ati.es\/wp-content\/uploads\/2021\/07\/cropped-logoATIvectorized.png","width":431,"height":231,"caption":"Asociaci\u00f3n de T\u00e9cnicos de Inform\u00e1tica"},"image":{"@id":"https:\/\/www.ati.es\/#\/schema\/logo\/image\/"}}]}},"_links":{"self":[{"href":"https:\/\/www.ati.es\/ca\/wp-json\/wp\/v2\/news\/2579"}],"collection":[{"href":"https:\/\/www.ati.es\/ca\/wp-json\/wp\/v2\/news"}],"about":[{"href":"https:\/\/www.ati.es\/ca\/wp-json\/wp\/v2\/types\/news"}],"author":[{"embeddable":true,"href":"https:\/\/www.ati.es\/ca\/wp-json\/wp\/v2\/users\/16"}],"replies":[{"embeddable":true,"href":"https:\/\/www.ati.es\/ca\/wp-json\/wp\/v2\/comments?post=2579"}],"version-history":[{"count":0,"href":"https:\/\/www.ati.es\/ca\/wp-json\/wp\/v2\/news\/2579\/revisions"}],"wp:featuredmedia":[{"embeddable":true,"href":"https:\/\/www.ati.es\/ca\/wp-json\/wp\/v2\/media\/2580"}],"wp:attachment":[{"href":"https:\/\/www.ati.es\/ca\/wp-json\/wp\/v2\/media?parent=2579"}],"wp:term":[{"taxonomy":"post_tag","embeddable":true,"href":"https:\/\/www.ati.es\/ca\/wp-json\/wp\/v2\/tags?post=2579"},{"taxonomy":"news-category","embeddable":true,"href":"https:\/\/www.ati.es\/ca\/wp-json\/wp\/v2\/news-category?post=2579"}],"curies":[{"name":"wp","href":"https:\/\/api.w.org\/{rel}","templated":true}]}}